{"id":933,"date":"2015-12-25T14:36:51","date_gmt":"2015-12-25T17:36:51","guid":{"rendered":"http:\/\/www.blogdomassinha.com.br\/v1\/?p=933"},"modified":"2015-12-25T14:36:51","modified_gmt":"2015-12-25T17:36:51","slug":"bode-anuncia-novo-preparador-fisico-confira-a-nova-contratacao","status":"publish","type":"post","link":"https:\/\/www.blogdomassinha.com.br\/v1\/2015\/12\/25\/bode-anuncia-novo-preparador-fisico-confira-a-nova-contratacao\/","title":{"rendered":"&#8216;Bode&#8217; anuncia novo preparador f\u00edsico; confira a nova contrata\u00e7\u00e3o"},"content":{"rendered":"<div id=\"attachment_934\" style=\"width: 386px\" class=\"wp-caption aligncenter\"><a href=\"http:\/\/www.blogdomassinha.com.br\/v1\/wp-content\/uploads\/2015\/12\/wpid-wp-1450982892041.jpeg\" class=\"gallery_colorbox\"><img aria-describedby=\"caption-attachment-934\" loading=\"lazy\" class=\"wp-image-934\" src=\"http:\/\/www.blogdomassinha.com.br\/v1\/wp-content\/uploads\/2015\/12\/wpid-wp-1450982892041.jpeg\"  alt=\"wpid-wp-1450982892041\" width=\"376\" height=\"376\" srcset=\"https:\/\/www.blogdomassinha.com.br\/v1\/wp-content\/uploads\/2015\/12\/wpid-wp-1450982892041.jpeg 411w, https:\/\/www.blogdomassinha.com.br\/v1\/wp-content\/uploads\/2015\/12\/wpid-wp-1450982892041-150x150.jpeg 150w, https:\/\/www.blogdomassinha.com.br\/v1\/wp-content\/uploads\/2015\/12\/wpid-wp-1450982892041-300x300.jpeg 300w\" sizes=\"(max-width: 376px) 100vw, 376px\" \/><\/a><p id=\"caption-attachment-934\" class=\"wp-caption-text\"><strong>\u00a0 \u00a0 \u00a0 \u00a0 \u00a0 \u00a0 \u00a0 \u00a0 \u00a0 \u00a0 \u00a0 \u00a0 \u00a0 \u00a0Foto: Divulga\u00e7\u00e3o \/ ECPP<\/strong><\/p><\/div>\n<p style=\"text-align: justify;\"><strong>Por Celso Rios<\/strong><\/p>\n<p style=\"text-align: justify;\">O ECPP anunciou na \u00faltima quinta-feira (24), o nome de \u00canio Siqueira, novo preparador f\u00edsico do clube Alviverde. O rec\u00e9m contratado tem 27 anos e \u00e9 natural da cidade de Cerqueira C\u00e9sar.<\/p>\n<p style=\"text-align: justify;\">A nova contrata\u00e7\u00e3o j\u00e1 teve passagens por equipes como Cinc\u00e3o E.C, onde realizou trabalhos no acesso \u00e0 2\u00aa Divis\u00e3o Paranaense, foi 7\u00b0 colocado Copa Cotif Alcudia Espanha 2011,\u00a0 campe\u00e3o Paranaense do interior pelo Arapongas E.C. em 2012 e Campe\u00e3o Paulista s\u00e9rie A2 pelo Ferrovi\u00e1ria S\/A 2015.<\/p>\n","protected":false},"excerpt":{"rendered":"<p>Por Celso Rios O ECPP anunciou na \u00faltima quinta-feira (24), o nome de \u00canio Siqueira, novo preparador f\u00edsico do clube Alviverde. O rec\u00e9m contratado tem 27 anos e \u00e9 natural da cidade de Cerqueira C\u00e9sar. A nova contrata\u00e7\u00e3o j\u00e1 teve passagens por equipes como Cinc\u00e3o E.C, onde realizou trabalhos no acesso \u00e0 2\u00aa Divis\u00e3o Paranaense, [&hellip;]<\/p>\n","protected":false},"author":3,"featured_media":934,"comment_status":"open","ping_status":"open","sticky":false,"template":"","format":"standard","meta":[],"categories":[7,4],"tags":[35,388,188,193,387,15],"_links":{"self":[{"href":"https:\/\/www.blogdomassinha.com.br\/v1\/wp-json\/wp\/v2\/posts\/933"}],"collection":[{"href":"https:\/\/www.blogdomassinha.com.br\/v1\/wp-json\/wp\/v2\/posts"}],"about":[{"href":"https:\/\/www.blogdomassinha.com.br\/v1\/wp-json\/wp\/v2\/types\/post"}],"author":[{"embeddable":true,"href":"https:\/\/www.blogdomassinha.com.br\/v1\/wp-json\/wp\/v2\/users\/3"}],"replies":[{"embeddable":true,"href":"https:\/\/www.blogdomassinha.com.br\/v1\/wp-json\/wp\/v2\/comments?post=933"}],"version-history":[{"count":1,"href":"https:\/\/www.blogdomassinha.com.br\/v1\/wp-json\/wp\/v2\/posts\/933\/revisions"}],"predecessor-version":[{"id":935,"href":"https:\/\/www.blogdomassinha.com.br\/v1\/wp-json\/wp\/v2\/posts\/933\/revisions\/935"}],"wp:featuredmedia":[{"embeddable":true,"href":"https:\/\/www.blogdomassinha.com.br\/v1\/wp-json\/wp\/v2\/media\/934"}],"wp:attachment":[{"href":"https:\/\/www.blogdomassinha.com.br\/v1\/wp-json\/wp\/v2\/media?parent=933"}],"wp:term":[{"taxonomy":"category","embeddable":true,"href":"https:\/\/www.blogdomassinha.com.br\/v1\/wp-json\/wp\/v2\/categories?post=933"},{"taxonomy":"post_tag","embeddable":true,"href":"https:\/\/www.blogdomassinha.com.br\/v1\/wp-json\/wp\/v2\/tags?post=933"}],"curies":[{"name":"wp","href":"https:\/\/api.w.org\/{rel}","templated":true}]}}