{"id":7177,"date":"2017-02-27T13:01:59","date_gmt":"2017-02-27T16:01:59","guid":{"rendered":"http:\/\/www.blogdomassinha.com.br\/v1\/?p=7177"},"modified":"2017-02-27T13:04:20","modified_gmt":"2017-02-27T16:04:20","slug":"vitoria-da-conquista-adere-a-folia","status":"publish","type":"post","link":"https:\/\/www.blogdomassinha.com.br\/v1\/2017\/02\/27\/vitoria-da-conquista-adere-a-folia\/","title":{"rendered":"Vit\u00f3ria da Conquista adere \u00e0 folia"},"content":{"rendered":"<div id=\"attachment_7178\" style=\"width: 510px\" class=\"wp-caption aligncenter\"><a href=\"http:\/\/www.blogdomassinha.com.br\/v1\/wp-content\/uploads\/2017\/02\/IMG_1913.jpg\" class=\"gallery_colorbox\"><img aria-describedby=\"caption-attachment-7178\" loading=\"lazy\" class=\"wp-image-7178\" src=\"http:\/\/www.blogdomassinha.com.br\/v1\/wp-content\/uploads\/2017\/02\/IMG_1913.jpg\"  alt=\"Foto: Blog do Anderson\" width=\"500\" height=\"295\" srcset=\"https:\/\/www.blogdomassinha.com.br\/v1\/wp-content\/uploads\/2017\/02\/IMG_1913.jpg 750w, https:\/\/www.blogdomassinha.com.br\/v1\/wp-content\/uploads\/2017\/02\/IMG_1913-300x177.jpg 300w\" sizes=\"(max-width: 500px) 100vw, 500px\" \/><\/a><p id=\"caption-attachment-7178\" class=\"wp-caption-text\">Foto: Blog do Anderson<\/p><\/div>\n<p style=\"text-align: justify;\">O prefeito Herzem Gusm\u00e3o j\u00e1 declarou que \u201cn\u00e3o investir\u00e1 um centavo na folia carnavalesca. Apoiaremos com a log\u00edstica, mas a festa dever\u00e1 ser bancada pelos empres\u00e1rios do setor&#8221;. Foi assim que ele respondeu ao fotografo Jos\u00e9 Carlos de Almeida no Livramento Palace, quando apresentou o seu secretariado \u00e0 imprensa.\u00a0Jos\u00e9 Carlos perguntara se voltaria a Micareta.<br \/>\nEm rela\u00e7\u00e3o ao Carnaval Cultural o prefeito agir\u00e1 da mesma forma, \u00e9 o que parece.<!--more--> A Secretaria de Cultura e Turismo n\u00e3o patrocinou, mas n\u00e3o foi indiferente aos idealizadores da festa. Hoje mesmo o prefeito far-se-\u00e1 presente na Pra\u00e7a da Bandeira, local da concentra\u00e7\u00e3o.<br \/>\nA expectativa \u00e9 que um grande p\u00fablico compare\u00e7a para prestigiar os blocos e participar da alegria que o evento proporciona.<br \/>\nN\u00e3o tem como o governo ficar indiferente a vontade do povo. O que n\u00e3o deve \u00e9 financiar a folia quando existem outras prioridades.<br \/>\nAmanh\u00e3 tem mais Carnaval Cultural.<\/p>\n","protected":false},"excerpt":{"rendered":"<p>O prefeito Herzem Gusm\u00e3o j\u00e1 declarou que \u201cn\u00e3o investir\u00e1 um centavo na folia carnavalesca. Apoiaremos com a log\u00edstica, mas a festa dever\u00e1 ser bancada pelos empres\u00e1rios do setor&#8221;. Foi assim que ele respondeu ao fotografo Jos\u00e9 Carlos de Almeida no Livramento Palace, quando apresentou o seu secretariado \u00e0 imprensa.\u00a0Jos\u00e9 Carlos perguntara se voltaria a Micareta. [&hellip;]<\/p>\n","protected":false},"author":3,"featured_media":7178,"comment_status":"open","ping_status":"open","sticky":false,"template":"","format":"standard","meta":[],"categories":[7,3],"tags":[],"_links":{"self":[{"href":"https:\/\/www.blogdomassinha.com.br\/v1\/wp-json\/wp\/v2\/posts\/7177"}],"collection":[{"href":"https:\/\/www.blogdomassinha.com.br\/v1\/wp-json\/wp\/v2\/posts"}],"about":[{"href":"https:\/\/www.blogdomassinha.com.br\/v1\/wp-json\/wp\/v2\/types\/post"}],"author":[{"embeddable":true,"href":"https:\/\/www.blogdomassinha.com.br\/v1\/wp-json\/wp\/v2\/users\/3"}],"replies":[{"embeddable":true,"href":"https:\/\/www.blogdomassinha.com.br\/v1\/wp-json\/wp\/v2\/comments?post=7177"}],"version-history":[{"count":2,"href":"https:\/\/www.blogdomassinha.com.br\/v1\/wp-json\/wp\/v2\/posts\/7177\/revisions"}],"predecessor-version":[{"id":7180,"href":"https:\/\/www.blogdomassinha.com.br\/v1\/wp-json\/wp\/v2\/posts\/7177\/revisions\/7180"}],"wp:featuredmedia":[{"embeddable":true,"href":"https:\/\/www.blogdomassinha.com.br\/v1\/wp-json\/wp\/v2\/media\/7178"}],"wp:attachment":[{"href":"https:\/\/www.blogdomassinha.com.br\/v1\/wp-json\/wp\/v2\/media?parent=7177"}],"wp:term":[{"taxonomy":"category","embeddable":true,"href":"https:\/\/www.blogdomassinha.com.br\/v1\/wp-json\/wp\/v2\/categories?post=7177"},{"taxonomy":"post_tag","embeddable":true,"href":"https:\/\/www.blogdomassinha.com.br\/v1\/wp-json\/wp\/v2\/tags?post=7177"}],"curies":[{"name":"wp","href":"https:\/\/api.w.org\/{rel}","templated":true}]}}