{"id":7132,"date":"2017-02-22T10:56:49","date_gmt":"2017-02-22T13:56:49","guid":{"rendered":"http:\/\/www.blogdomassinha.com.br\/v1\/?p=7132"},"modified":"2017-02-22T10:56:49","modified_gmt":"2017-02-22T13:56:49","slug":"conquista-oab-promove-1a-reuniao-sobre-direitos-dos-animais","status":"publish","type":"post","link":"https:\/\/www.blogdomassinha.com.br\/v1\/2017\/02\/22\/conquista-oab-promove-1a-reuniao-sobre-direitos-dos-animais\/","title":{"rendered":"Conquista: OAB promove 1\u00aa Reuni\u00e3o sobre Direitos dos Animais"},"content":{"rendered":"<div id=\"attachment_7133\" style=\"width: 459px\" class=\"wp-caption aligncenter\"><a href=\"http:\/\/www.blogdomassinha.com.br\/v1\/wp-content\/uploads\/2017\/02\/Sem-t\u00edtulo.jpg\" class=\"gallery_colorbox\"><img aria-describedby=\"caption-attachment-7133\" loading=\"lazy\" class=\"wp-image-7133\" src=\"http:\/\/www.blogdomassinha.com.br\/v1\/wp-content\/uploads\/2017\/02\/Sem-t\u00edtulo.jpg\"  alt=\"Sem t\u00edtulo\" width=\"449\" height=\"258\" srcset=\"https:\/\/www.blogdomassinha.com.br\/v1\/wp-content\/uploads\/2017\/02\/Sem-t\u00edtulo.jpg 606w, https:\/\/www.blogdomassinha.com.br\/v1\/wp-content\/uploads\/2017\/02\/Sem-t\u00edtulo-300x172.jpg 300w\" sizes=\"(max-width: 449px) 100vw, 449px\" \/><\/a><p id=\"caption-attachment-7133\" class=\"wp-caption-text\"><strong>Foto: Divulga\u00e7\u00e3o \/ Reprodu\u00e7\u00e3o TV Sudoeste<\/strong><\/p><\/div>\n<p style=\"text-align: justify;\">A Ordem dos Advogados do Brasil \u2013 Subse\u00e7\u00e3o de Vit\u00f3ria da Conquista, por meio da Comiss\u00e3o de Direito Ambiental, promoveu um encontro entre membros de grupos de prote\u00e7\u00e3o aos animais, na noite desta segunda-feira (20). O principal objetivo foi analisar as pol\u00edticas do munic\u00edpio para os animais de rua.<\/p>\n<p style=\"text-align: justify;\">Dentre elas o Centro de Controle de Zoonoses (CCZ) de Vit\u00f3ria da Conquista, pauta que j\u00e1 \u00e9 debatida a algum tempo na terceira maior cidade do Estado. O CCZ \u00e9 inclusive uma das mat\u00e9rias defendidas pelo edil Sidney Oliveira, do (PRB).<!--more--><\/p>\n<p style=\"text-align: justify;\"><strong><a href=\"http:\/\/g1.globo.com\/bahia\/batv\/videos\/t\/tv-sudoeste\/v\/batv-tv-sudoeste-21022017-bloco-2\/5671967\/\">Confira a mat\u00e9ria exibida nos telejornais da TV Sudoeste.<\/a><\/strong><\/p>\n","protected":false},"excerpt":{"rendered":"<p>A Ordem dos Advogados do Brasil \u2013 Subse\u00e7\u00e3o de Vit\u00f3ria da Conquista, por meio da Comiss\u00e3o de Direito Ambiental, promoveu um encontro entre membros de grupos de prote\u00e7\u00e3o aos animais, na noite desta segunda-feira (20). O principal objetivo foi analisar as pol\u00edticas do munic\u00edpio para os animais de rua. Dentre elas o Centro de Controle [&hellip;]<\/p>\n","protected":false},"author":3,"featured_media":7133,"comment_status":"open","ping_status":"open","sticky":false,"template":"","format":"standard","meta":[],"categories":[7,1],"tags":[1263,1264,15],"_links":{"self":[{"href":"https:\/\/www.blogdomassinha.com.br\/v1\/wp-json\/wp\/v2\/posts\/7132"}],"collection":[{"href":"https:\/\/www.blogdomassinha.com.br\/v1\/wp-json\/wp\/v2\/posts"}],"about":[{"href":"https:\/\/www.blogdomassinha.com.br\/v1\/wp-json\/wp\/v2\/types\/post"}],"author":[{"embeddable":true,"href":"https:\/\/www.blogdomassinha.com.br\/v1\/wp-json\/wp\/v2\/users\/3"}],"replies":[{"embeddable":true,"href":"https:\/\/www.blogdomassinha.com.br\/v1\/wp-json\/wp\/v2\/comments?post=7132"}],"version-history":[{"count":1,"href":"https:\/\/www.blogdomassinha.com.br\/v1\/wp-json\/wp\/v2\/posts\/7132\/revisions"}],"predecessor-version":[{"id":7134,"href":"https:\/\/www.blogdomassinha.com.br\/v1\/wp-json\/wp\/v2\/posts\/7132\/revisions\/7134"}],"wp:featuredmedia":[{"embeddable":true,"href":"https:\/\/www.blogdomassinha.com.br\/v1\/wp-json\/wp\/v2\/media\/7133"}],"wp:attachment":[{"href":"https:\/\/www.blogdomassinha.com.br\/v1\/wp-json\/wp\/v2\/media?parent=7132"}],"wp:term":[{"taxonomy":"category","embeddable":true,"href":"https:\/\/www.blogdomassinha.com.br\/v1\/wp-json\/wp\/v2\/categories?post=7132"},{"taxonomy":"post_tag","embeddable":true,"href":"https:\/\/www.blogdomassinha.com.br\/v1\/wp-json\/wp\/v2\/tags?post=7132"}],"curies":[{"name":"wp","href":"https:\/\/api.w.org\/{rel}","templated":true}]}}