{"id":7127,"date":"2017-02-22T10:41:13","date_gmt":"2017-02-22T13:41:13","guid":{"rendered":"http:\/\/www.blogdomassinha.com.br\/v1\/?p=7127"},"modified":"2017-02-22T10:45:29","modified_gmt":"2017-02-22T13:45:29","slug":"conquista-prefeitura-municipal-e-fainor-buscam-ampliar-parceria","status":"publish","type":"post","link":"https:\/\/www.blogdomassinha.com.br\/v1\/2017\/02\/22\/conquista-prefeitura-municipal-e-fainor-buscam-ampliar-parceria\/","title":{"rendered":"Conquista: Prefeitura Municipal e Fainor buscam ampliar parceria"},"content":{"rendered":"<div id=\"attachment_7128\" style=\"width: 460px\" class=\"wp-caption aligncenter\"><a href=\"http:\/\/www.blogdomassinha.com.br\/v1\/wp-content\/uploads\/2017\/02\/Fainor.jpg\" class=\"gallery_colorbox\"><img aria-describedby=\"caption-attachment-7128\" loading=\"lazy\" class=\"wp-image-7128\" src=\"http:\/\/www.blogdomassinha.com.br\/v1\/wp-content\/uploads\/2017\/02\/Fainor.jpg\"  alt=\"Fainor\" width=\"450\" height=\"325\" srcset=\"https:\/\/www.blogdomassinha.com.br\/v1\/wp-content\/uploads\/2017\/02\/Fainor.jpg 730w, https:\/\/www.blogdomassinha.com.br\/v1\/wp-content\/uploads\/2017\/02\/Fainor-300x217.jpg 300w\" sizes=\"(max-width: 450px) 100vw, 450px\" \/><\/a><p id=\"caption-attachment-7128\" class=\"wp-caption-text\"><strong>Foto: Divulga\u00e7\u00e3o \/ Site PMVC<\/strong><\/p><\/div>\n<p style=\"text-align: justify;\">O Governo Municipal recebeu na tarde dessa ter\u00e7a-feira, 21, diretores da Faculdade Independente do Nordeste (Fainor). O intuito da visita foi estreitar os la\u00e7os entre a Prefeitura de Vit\u00f3ria da Conquista e a institui\u00e7\u00e3o educacional.<\/p>\n<p style=\"text-align: justify;\">\u201cN\u00f3s percebemos a import\u00e2ncia de dar seguimento a esta parceria e ampli\u00e1-la nas mais diversas \u00e1reas. Viemos mostrar a import\u00e2ncia de nossa faculdade em Conquista e na regi\u00e3o. E vimos no prefeito a vontade de que poderemos realizar diversas a\u00e7\u00f5es juntamente em prol do desenvolvimento da cidade\u201d, declarou o\u00a0diretor-geral da Fainor, Edgard Larry.<\/p>\n<p style=\"text-align: justify;\">Na ocasi\u00e3o, Edgard Larry afirmou que a faculdade participar\u00e1 do projeto \u201cAdote uma pra\u00e7a\u201d, beneficiando a Pra\u00e7a Monsenhor\u00a0Bruno Baldacci, localizada no Inocoop I. Os representantes da entidade tamb\u00e9m convidaram o prefeito e secret\u00e1rios a fazerem uma visita \u00e0 Fainor logo ap\u00f3s o feriado de carnaval.<\/p>\n<p style=\"text-align: justify;\">O prefeito Herzem Gusm\u00e3o se comprometeu a retribuir a visita. \u201cVamos conhecer a grande estrutura da Fainor com toda nossa equipe\u201d, disse o prefeito, ainda acrescentando: \u201cO que mais deseja a Fainor \u00e9 parceria com a Prefeitura e o que mais a Prefeitura deseja \u00e9 parceria com essas institui\u00e7\u00f5es. N\u00f3s, inclusive, ouvimos atentamente esse desejo de aproxima\u00e7\u00e3o e apresentamos ideias, buscando exatamente um estreitamento e um envolvimento dos estudantes com a cidade\u201d.<\/p>\n<p style=\"text-align: justify;\">Tamb\u00e9m participou da reuni\u00e3o o chefe de Gabinete, Marcos Ferreira. <strong>(Fonte: Site PMVC)<\/strong><\/p>\n","protected":false},"excerpt":{"rendered":"<p>O Governo Municipal recebeu na tarde dessa ter\u00e7a-feira, 21, diretores da Faculdade Independente do Nordeste (Fainor). O intuito da visita foi estreitar os la\u00e7os entre a Prefeitura de Vit\u00f3ria da Conquista e a institui\u00e7\u00e3o educacional. \u201cN\u00f3s percebemos a import\u00e2ncia de dar seguimento a esta parceria e ampli\u00e1-la nas mais diversas \u00e1reas. Viemos mostrar a import\u00e2ncia [&hellip;]<\/p>\n","protected":false},"author":3,"featured_media":7128,"comment_status":"open","ping_status":"open","sticky":false,"template":"","format":"standard","meta":[],"categories":[7,1],"tags":[855,15],"_links":{"self":[{"href":"https:\/\/www.blogdomassinha.com.br\/v1\/wp-json\/wp\/v2\/posts\/7127"}],"collection":[{"href":"https:\/\/www.blogdomassinha.com.br\/v1\/wp-json\/wp\/v2\/posts"}],"about":[{"href":"https:\/\/www.blogdomassinha.com.br\/v1\/wp-json\/wp\/v2\/types\/post"}],"author":[{"embeddable":true,"href":"https:\/\/www.blogdomassinha.com.br\/v1\/wp-json\/wp\/v2\/users\/3"}],"replies":[{"embeddable":true,"href":"https:\/\/www.blogdomassinha.com.br\/v1\/wp-json\/wp\/v2\/comments?post=7127"}],"version-history":[{"count":3,"href":"https:\/\/www.blogdomassinha.com.br\/v1\/wp-json\/wp\/v2\/posts\/7127\/revisions"}],"predecessor-version":[{"id":7131,"href":"https:\/\/www.blogdomassinha.com.br\/v1\/wp-json\/wp\/v2\/posts\/7127\/revisions\/7131"}],"wp:featuredmedia":[{"embeddable":true,"href":"https:\/\/www.blogdomassinha.com.br\/v1\/wp-json\/wp\/v2\/media\/7128"}],"wp:attachment":[{"href":"https:\/\/www.blogdomassinha.com.br\/v1\/wp-json\/wp\/v2\/media?parent=7127"}],"wp:term":[{"taxonomy":"category","embeddable":true,"href":"https:\/\/www.blogdomassinha.com.br\/v1\/wp-json\/wp\/v2\/categories?post=7127"},{"taxonomy":"post_tag","embeddable":true,"href":"https:\/\/www.blogdomassinha.com.br\/v1\/wp-json\/wp\/v2\/tags?post=7127"}],"curies":[{"name":"wp","href":"https:\/\/api.w.org\/{rel}","templated":true}]}}