{"id":7100,"date":"2017-02-21T10:43:25","date_gmt":"2017-02-21T13:43:25","guid":{"rendered":"http:\/\/www.blogdomassinha.com.br\/v1\/?p=7100"},"modified":"2017-02-21T10:43:25","modified_gmt":"2017-02-21T13:43:25","slug":"hoje-tem-lancamento-da-expoconquista","status":"publish","type":"post","link":"https:\/\/www.blogdomassinha.com.br\/v1\/2017\/02\/21\/hoje-tem-lancamento-da-expoconquista\/","title":{"rendered":"Hoje tem lan\u00e7amento da Expoconquista"},"content":{"rendered":"<p style=\"text-align: justify;\"><a href=\"http:\/\/www.blogdomassinha.com.br\/v1\/wp-content\/uploads\/2016\/02\/jaymilton-gusmao-filho-coopmac-exposicao.jpg\" class=\"gallery_colorbox\"><img loading=\"lazy\" class=\"aligncenter size-medium wp-image-1778\" src=\"http:\/\/www.blogdomassinha.com.br\/v1\/wp-content\/uploads\/2016\/02\/jaymilton-gusmao-filho-coopmac-exposicao-300x200.jpg\"  alt=\"jaymilton gusmao filho coopmac exposicao\" width=\"300\" height=\"200\" srcset=\"https:\/\/www.blogdomassinha.com.br\/v1\/wp-content\/uploads\/2016\/02\/jaymilton-gusmao-filho-coopmac-exposicao-300x200.jpg 300w, https:\/\/www.blogdomassinha.com.br\/v1\/wp-content\/uploads\/2016\/02\/jaymilton-gusmao-filho-coopmac-exposicao.jpg 728w\" sizes=\"(max-width: 300px) 100vw, 300px\" \/><\/a><\/p>\n<p style=\"text-align: justify;\"><span>Logo mais \u00e0s 20h, na \u00c1rea de Eventos do Parque de Exposi\u00e7\u00f5es, o presidente da Coopmac e sua diretoria receber\u00e1 os convidados para o lan\u00e7amento oficial da Exposi\u00e7\u00e3o Agropecu\u00e1ria de Vit\u00f3ria da Conquista, que ocorrer\u00e1 a partir do dia 28 de mar\u00e7o e se prolongar\u00e1 at\u00e9 o dia 02 de abril.<\/span><br \/>\n<span>O prefeito Herzem Gusm\u00e3o j\u00e1 antecipou ao dirigente do cooperativismo que ser\u00e1 um grande parceiro do evento.<\/span><\/p>\n","protected":false},"excerpt":{"rendered":"<p>Logo mais \u00e0s 20h, na \u00c1rea de Eventos do Parque de Exposi\u00e7\u00f5es, o presidente da Coopmac e sua diretoria receber\u00e1 os convidados para o lan\u00e7amento oficial da Exposi\u00e7\u00e3o Agropecu\u00e1ria de Vit\u00f3ria da Conquista, que ocorrer\u00e1 a partir do dia 28 de mar\u00e7o e se prolongar\u00e1 at\u00e9 o dia 02 de abril. O prefeito Herzem Gusm\u00e3o [&hellip;]<\/p>\n","protected":false},"author":3,"featured_media":1778,"comment_status":"open","ping_status":"open","sticky":false,"template":"","format":"standard","meta":[],"categories":[7,3],"tags":[],"_links":{"self":[{"href":"https:\/\/www.blogdomassinha.com.br\/v1\/wp-json\/wp\/v2\/posts\/7100"}],"collection":[{"href":"https:\/\/www.blogdomassinha.com.br\/v1\/wp-json\/wp\/v2\/posts"}],"about":[{"href":"https:\/\/www.blogdomassinha.com.br\/v1\/wp-json\/wp\/v2\/types\/post"}],"author":[{"embeddable":true,"href":"https:\/\/www.blogdomassinha.com.br\/v1\/wp-json\/wp\/v2\/users\/3"}],"replies":[{"embeddable":true,"href":"https:\/\/www.blogdomassinha.com.br\/v1\/wp-json\/wp\/v2\/comments?post=7100"}],"version-history":[{"count":1,"href":"https:\/\/www.blogdomassinha.com.br\/v1\/wp-json\/wp\/v2\/posts\/7100\/revisions"}],"predecessor-version":[{"id":7101,"href":"https:\/\/www.blogdomassinha.com.br\/v1\/wp-json\/wp\/v2\/posts\/7100\/revisions\/7101"}],"wp:featuredmedia":[{"embeddable":true,"href":"https:\/\/www.blogdomassinha.com.br\/v1\/wp-json\/wp\/v2\/media\/1778"}],"wp:attachment":[{"href":"https:\/\/www.blogdomassinha.com.br\/v1\/wp-json\/wp\/v2\/media?parent=7100"}],"wp:term":[{"taxonomy":"category","embeddable":true,"href":"https:\/\/www.blogdomassinha.com.br\/v1\/wp-json\/wp\/v2\/categories?post=7100"},{"taxonomy":"post_tag","embeddable":true,"href":"https:\/\/www.blogdomassinha.com.br\/v1\/wp-json\/wp\/v2\/tags?post=7100"}],"curies":[{"name":"wp","href":"https:\/\/api.w.org\/{rel}","templated":true}]}}