{"id":7096,"date":"2017-02-21T10:36:14","date_gmt":"2017-02-21T13:36:14","guid":{"rendered":"http:\/\/www.blogdomassinha.com.br\/v1\/?p=7096"},"modified":"2017-02-21T10:37:23","modified_gmt":"2017-02-21T13:37:23","slug":"elquisson-soares-e-edvaldo-alves-hoje-no-agito-geral","status":"publish","type":"post","link":"https:\/\/www.blogdomassinha.com.br\/v1\/2017\/02\/21\/elquisson-soares-e-edvaldo-alves-hoje-no-agito-geral\/","title":{"rendered":"Elquisson Soares e Edvaldo Alves hoje no Agito Geral"},"content":{"rendered":"<p class=\"aligncenter\" style=\"text-align: justify;\"><a href=\"http:\/\/www.blogdomassinha.com.br\/v1\/wp-content\/uploads\/2017\/02\/IMG_1838.jpg\" class=\"gallery_colorbox\"><img loading=\"lazy\" class=\"aligncenter wp-image-7097 size-medium\" src=\"http:\/\/www.blogdomassinha.com.br\/v1\/wp-content\/uploads\/2017\/02\/IMG_1838-300x300.jpg\"  alt=\"IMG_1838\" width=\"300\" height=\"300\" srcset=\"https:\/\/www.blogdomassinha.com.br\/v1\/wp-content\/uploads\/2017\/02\/IMG_1838-300x300.jpg 300w, https:\/\/www.blogdomassinha.com.br\/v1\/wp-content\/uploads\/2017\/02\/IMG_1838-150x150.jpg 150w, https:\/\/www.blogdomassinha.com.br\/v1\/wp-content\/uploads\/2017\/02\/IMG_1838.jpg 750w\" sizes=\"(max-width: 300px) 100vw, 300px\" \/><\/a><\/p>\n<p>A partir do meio dia os ouvintes de Melodia FM ser\u00e3o brindados com dois conceituados pol\u00edticos do cen\u00e1rio nacional: Equisson Soares, advogado, ex- vereador e Deputado Federal, um dos principais parlamentares da hist\u00f3ria do Brasil; Edvaldo Alves, veio de Santos, litoral paulista, chegou \u00e0 Vit\u00f3ria da Conquista no in\u00edcio do governo Guilherme Menezes. Foi secret\u00e1rio em diversas pastas do Governo Participativo desde o seu advento em 1997.<br \/>\nVou entrevistar os dois na 87,9, daqui a pouco.<\/p>\n","protected":false},"excerpt":{"rendered":"<p>A partir do meio dia os ouvintes de Melodia FM ser\u00e3o brindados com dois conceituados pol\u00edticos do cen\u00e1rio nacional: Equisson Soares, advogado, ex- vereador e Deputado Federal, um dos principais parlamentares da hist\u00f3ria do Brasil; Edvaldo Alves, veio de Santos, litoral paulista, chegou \u00e0 Vit\u00f3ria da Conquista no in\u00edcio do governo Guilherme Menezes. Foi secret\u00e1rio [&hellip;]<\/p>\n","protected":false},"author":3,"featured_media":7097,"comment_status":"open","ping_status":"open","sticky":false,"template":"","format":"standard","meta":[],"categories":[7],"tags":[],"_links":{"self":[{"href":"https:\/\/www.blogdomassinha.com.br\/v1\/wp-json\/wp\/v2\/posts\/7096"}],"collection":[{"href":"https:\/\/www.blogdomassinha.com.br\/v1\/wp-json\/wp\/v2\/posts"}],"about":[{"href":"https:\/\/www.blogdomassinha.com.br\/v1\/wp-json\/wp\/v2\/types\/post"}],"author":[{"embeddable":true,"href":"https:\/\/www.blogdomassinha.com.br\/v1\/wp-json\/wp\/v2\/users\/3"}],"replies":[{"embeddable":true,"href":"https:\/\/www.blogdomassinha.com.br\/v1\/wp-json\/wp\/v2\/comments?post=7096"}],"version-history":[{"count":2,"href":"https:\/\/www.blogdomassinha.com.br\/v1\/wp-json\/wp\/v2\/posts\/7096\/revisions"}],"predecessor-version":[{"id":7099,"href":"https:\/\/www.blogdomassinha.com.br\/v1\/wp-json\/wp\/v2\/posts\/7096\/revisions\/7099"}],"wp:featuredmedia":[{"embeddable":true,"href":"https:\/\/www.blogdomassinha.com.br\/v1\/wp-json\/wp\/v2\/media\/7097"}],"wp:attachment":[{"href":"https:\/\/www.blogdomassinha.com.br\/v1\/wp-json\/wp\/v2\/media?parent=7096"}],"wp:term":[{"taxonomy":"category","embeddable":true,"href":"https:\/\/www.blogdomassinha.com.br\/v1\/wp-json\/wp\/v2\/categories?post=7096"},{"taxonomy":"post_tag","embeddable":true,"href":"https:\/\/www.blogdomassinha.com.br\/v1\/wp-json\/wp\/v2\/tags?post=7096"}],"curies":[{"name":"wp","href":"https:\/\/api.w.org\/{rel}","templated":true}]}}