{"id":7092,"date":"2017-02-21T09:36:07","date_gmt":"2017-02-21T12:36:07","guid":{"rendered":"http:\/\/www.blogdomassinha.com.br\/v1\/?p=7092"},"modified":"2017-10-10T10:58:43","modified_gmt":"2017-10-10T13:58:43","slug":"curtinhas-do-massa-21022017","status":"publish","type":"post","link":"https:\/\/www.blogdomassinha.com.br\/v1\/2017\/02\/21\/curtinhas-do-massa-21022017\/","title":{"rendered":"Curtinhas do Massa &#8211; Dia 21\/02\/2017"},"content":{"rendered":"<p style=\"text-align: justify;\"><a href=\"http:\/\/www.blogdomassinha.com.br\/v1\/wp-content\/uploads\/2017\/01\/curtinhas2.jpg\" class=\"gallery_colorbox\"><img loading=\"lazy\" class=\"aligncenter size-full wp-image-6679\" src=\"http:\/\/www.blogdomassinha.com.br\/v1\/wp-content\/uploads\/2017\/01\/curtinhas2.jpg\"  alt=\"curtinhas2\" width=\"640\" height=\"240\" srcset=\"https:\/\/www.blogdomassinha.com.br\/v1\/wp-content\/uploads\/2017\/01\/curtinhas2.jpg 640w, https:\/\/www.blogdomassinha.com.br\/v1\/wp-content\/uploads\/2017\/01\/curtinhas2-300x113.jpg 300w\" sizes=\"(max-width: 640px) 100vw, 640px\" \/><\/a><br \/>\nA Feira de Carros Antigos foi sucesso. Quem foi gostou. Ela merece correr a Bahia. N\u00e3o conhe\u00e7o similar em todo o Estado. Pode at\u00e9 ser semelhante em Salvador, mas nunca ouvi falar. Conquista, como sempre, na frente.<\/p>\n<p style=\"text-align: justify;\"><b>xxxxxxxxxxxx<\/b><\/p>\n<p style=\"text-align: justify;\">O evento movimentou o Centro Cultural Glauber Rocha. O prefeito Herzem Gusm\u00e3o marcou presen\u00e7a acompanhado da sua esposa Luci Freire Gusm\u00e3o. A equipe do prefeito seguiu para um almo\u00e7o em Cercadinho.<\/p>\n<p style=\"text-align: justify;\"><b>xxxxxxxxxxxx<\/b><\/p>\n<p style=\"text-align: justify;\">Os secret\u00e1rios Cl\u00e1udio Cardoso e Esmeraldino Correia estavam bastante animados com a presen\u00e7a do p\u00fablico. Foram tr\u00eas dias de evento: 17, 18 e 19. As fam\u00edlias compareceram com os seus filhos.<!--more--><\/p>\n<p style=\"text-align: justify;\"><b>xxxxxxxxxxxx<\/b><\/p>\n<p style=\"text-align: justify;\">A comitiva da prefeitura foi grande. A secret\u00e1ria de Cultura e Turismo, Tina Rocha, dever\u00e1 ter a sua pasta funcionando naquele local, segundo dizem. Tina circulava com um grupo grande composto por Lu Mac\u00e1rio, Diego Gomes, da Transpar\u00eancia, al\u00e9m de Jo\u00e3o Paulo, Alcime Barros, Regina Meira, Gild\u00e1sio Dantas e Gild\u00e1sio de Oliveira.<br \/>\nO Procurador Murilo M\u00e1rmore chegou em seguida.<\/p>\n<p style=\"text-align: justify;\"><b>xxxxxxxxxxxx<\/b><\/p>\n<p style=\"text-align: justify;\">Existem rumores que o espa\u00e7o Glauber serviria de estacionamento para os frequentadores de Feirinha do Bairro Brasil. &#8220;N\u00e3o, n\u00e3o tem nada disso. Tina Rocha e Cl\u00e1udio Cardoso v\u00e3o conversar sobre o assunto&#8221;, disse Lu Mac\u00e1rio quando perguntei sobre a not\u00edcia que j\u00e1 estava nos blogs.<\/p>\n<p style=\"text-align: justify;\"><b>xxxxxxxxxxxx<\/b><\/p>\n<p style=\"text-align: justify;\">Os artes\u00e3os que est\u00e3o instalados no Espa\u00e7o Glauber demonstravam a satisfa\u00e7\u00e3o em ver o local movimentado. &#8220;A prefeitura est\u00e1 certa em realizar ou apoiar esse tipo de evento. As pessoas ter\u00e3o oportunidade de conhecer o nosso trabalho que \u00e9 muito rico e de qualidade&#8221;, disse Piedade que faz parte do grupo USCO (Uni\u00e3o Solid\u00e1ria Conquista Oeste)<\/p>\n<p style=\"text-align: justify;\"><b>xxxxxxxxxxxx<\/b><\/p>\n<p style=\"text-align: justify;\">\u00c9 s\u00e9rio o problema do Hospital Afr\u00e2nio Peixoto. Estive l\u00e1 e conversei com o staff administrativo. \u00c9 um duro golpe naquele \u00f3rg\u00e3o. As fam\u00edlias est\u00e3o inconformadas. O sil\u00eancio d\u00f3i muito mais. Mas as vozes dos prejudicados pela a\u00e7\u00e3o j\u00e1 ecoam pelos quatro cantos da cidade.<\/p>\n<p style=\"text-align: justify;\"><b>xxxxxxxxxxxx<\/b><\/p>\n<p style=\"text-align: justify;\">A filial do Vit\u00f3ria da capital visitou o bel\u00edssimo est\u00e1dio Lomanto J\u00fanior no \u00faltimo domingo. Foi uma visita de cortesia, literalmente. Levou na sacola 5 cinco gols marcados pelo Vit\u00f3ria da Conquista. Atl\u00e2ntico, \u00e9 o nome do le\u00e3ozinho.<\/p>\n<p style=\"text-align: justify;\"><b>xxxxxxxxxxxx<\/b><\/p>\n<p style=\"text-align: justify;\">Embora a prefeitura ainda n\u00e3o assumiu o retorno da festa momesca, ela n\u00e3o foi indiferente e est\u00e1 apoiando a iniciativa dos organizadores. A Pra\u00e7a da Bandeira ser\u00e1 o palco oficial da folia.<\/p>\n<p style=\"text-align: justify;\"><b>xxxxxxxxxxxx<\/b><\/p>\n<p style=\"text-align: justify;\">Chuvinha boa tem ca\u00eddo ultimamente na cidade e regi\u00e3o. N\u00e3o enche a barragem, mas molha a terra. Isso \u00e9 bom pro gado e para as planta\u00e7\u00f5es. A diretoria da Coopmac est\u00e1 animada. Jaymiltinho Gusm\u00e3o acredita no sucesso da pr\u00f3xima Exposi\u00e7\u00e3o que inicia no dia 28 de mar\u00e7o e segue at\u00e9 02 de abril.<\/p>\n<p style=\"text-align: justify;\"><b>xxxxxxxxxxxx<\/b><\/p>\n<p style=\"text-align: justify;\">O Jornalista Humberto Pinheiro retornou ao r\u00e1dio conquistense. Tem hist\u00f3ria com os microfones. Conhece. Tem um editorial forte. Humberto faz o programa de jornalismo do meio dia na R\u00e1dio Clube. Conta com os apoios de Celso Rios e M\u00f4nica Cajaiba.<\/p>\n<p style=\"text-align: justify;\"><b>xxxxxxxxxxxx<\/b><\/p>\n<p style=\"text-align: justify;\">Al\u00e9m de Humberto, tem mais op\u00e7\u00f5es de programas jornal\u00edsticos nas emissoras da cidade. Vejam a seguir:<\/p>\n<p style=\"text-align: justify;\"><b>xxxxxxxxxxxx<\/b><\/p>\n<p style=\"text-align: justify;\">A Resenha Geral, com mais de 40 anos no ar, deixou a R\u00e1dio Clube e foi para a Brasil FM. Herzem Gusm\u00e3o, atual prefeito e idealizador do programa, ter\u00e1 participa\u00e7\u00f5es espor\u00e1dicas, passou o comando para Carlos Dud\u00e9, vereador, e Cindy Santos. Perdeu Dilton Rocha, falecido recentemente. A Resenha continua ao meio dia.<\/p>\n<p style=\"text-align: justify;\"><b>xxxxxxxxxxxx<\/b><\/p>\n<p style=\"text-align: justify;\">Das 13 \u00e0s 14 horas, na Melodia FM, tem o jornalista Giorlando Lima com o programa Informa\u00e7\u00e3o e An\u00e1lise. Tamb\u00e9m, ao meio dia, tem o tradicional Band Revista, sempre apresentado pelos radialistas Mac Donald e Carlos Brammont, contando ainda com as participa\u00e7\u00f5es de Paulo Martins, Sheila Lima e Geraldo West.<\/p>\n<p style=\"text-align: justify;\"><b>xxxxxxxxxxxx<\/b><\/p>\n<p style=\"text-align: justify;\">No final da tarde a Band conta com a apresenta\u00e7\u00e3o do Conquista de Todos, sob o comando de Elton Becker. S\u00f3 que agora agregou ao programa o experiente jornalista Paulo Nunes. Becker e Paulo formam uma dupla que tem merecido a audi\u00eancia do ouvinte das 18 \u00e0s 19 horas.<\/p>\n<p style=\"text-align: justify;\"><b>xxxxxxxxxxxx<\/b><\/p>\n<p style=\"text-align: justify;\">E, finalmente, j\u00e1 no come\u00e7o da manh\u00e3 os rep\u00f3rteres Gerson Serelepe e Chico Gordo fazem suas interven\u00e7\u00f5es no Reda\u00e7\u00e3o Brasil, comandado pelos insepar\u00e1veis amigos e radialistas Deusdete Dias e Maciel J\u00fanior. A not\u00edcia sua fresquinha.<\/p>\n<p style=\"text-align: justify;\"><b>xxxxxxxxxxxx<\/b><\/p>\n<p style=\"text-align: justify;\">N\u00e3o, n\u00e3o esqueci, falta o Blitz Conquista, amanh\u00e3 falo do mesmo. No instante falta-me detalhes.<\/p>\n","protected":false},"excerpt":{"rendered":"<p>A Feira de Carros Antigos foi sucesso. Quem foi gostou. Ela merece correr a Bahia. N\u00e3o conhe\u00e7o similar em todo o Estado. Pode at\u00e9 ser semelhante em Salvador, mas nunca ouvi falar. Conquista, como sempre, na frente. xxxxxxxxxxxx O evento movimentou o Centro Cultural Glauber Rocha. O prefeito Herzem Gusm\u00e3o marcou presen\u00e7a acompanhado da sua [&hellip;]<\/p>\n","protected":false},"author":3,"featured_media":6679,"comment_status":"open","ping_status":"open","sticky":false,"template":"","format":"standard","meta":[],"categories":[1271,7,1],"tags":[1079],"_links":{"self":[{"href":"https:\/\/www.blogdomassinha.com.br\/v1\/wp-json\/wp\/v2\/posts\/7092"}],"collection":[{"href":"https:\/\/www.blogdomassinha.com.br\/v1\/wp-json\/wp\/v2\/posts"}],"about":[{"href":"https:\/\/www.blogdomassinha.com.br\/v1\/wp-json\/wp\/v2\/types\/post"}],"author":[{"embeddable":true,"href":"https:\/\/www.blogdomassinha.com.br\/v1\/wp-json\/wp\/v2\/users\/3"}],"replies":[{"embeddable":true,"href":"https:\/\/www.blogdomassinha.com.br\/v1\/wp-json\/wp\/v2\/comments?post=7092"}],"version-history":[{"count":2,"href":"https:\/\/www.blogdomassinha.com.br\/v1\/wp-json\/wp\/v2\/posts\/7092\/revisions"}],"predecessor-version":[{"id":7094,"href":"https:\/\/www.blogdomassinha.com.br\/v1\/wp-json\/wp\/v2\/posts\/7092\/revisions\/7094"}],"wp:featuredmedia":[{"embeddable":true,"href":"https:\/\/www.blogdomassinha.com.br\/v1\/wp-json\/wp\/v2\/media\/6679"}],"wp:attachment":[{"href":"https:\/\/www.blogdomassinha.com.br\/v1\/wp-json\/wp\/v2\/media?parent=7092"}],"wp:term":[{"taxonomy":"category","embeddable":true,"href":"https:\/\/www.blogdomassinha.com.br\/v1\/wp-json\/wp\/v2\/categories?post=7092"},{"taxonomy":"post_tag","embeddable":true,"href":"https:\/\/www.blogdomassinha.com.br\/v1\/wp-json\/wp\/v2\/tags?post=7092"}],"curies":[{"name":"wp","href":"https:\/\/api.w.org\/{rel}","templated":true}]}}