{"id":7073,"date":"2017-02-19T09:38:18","date_gmt":"2017-02-19T12:38:18","guid":{"rendered":"http:\/\/www.blogdomassinha.com.br\/v1\/?p=7073"},"modified":"2017-02-19T09:38:18","modified_gmt":"2017-02-19T12:38:18","slug":"domingo-no-glauber","status":"publish","type":"post","link":"https:\/\/www.blogdomassinha.com.br\/v1\/2017\/02\/19\/domingo-no-glauber\/","title":{"rendered":"Domingo no Glauber"},"content":{"rendered":"<p style=\"text-align: justify;\"><a href=\"http:\/\/www.blogdomassinha.com.br\/v1\/wp-content\/uploads\/2017\/02\/IMG_1830.jpg\" class=\"gallery_colorbox\"><img loading=\"lazy\" class=\"aligncenter size-full wp-image-7074\" src=\"http:\/\/www.blogdomassinha.com.br\/v1\/wp-content\/uploads\/2017\/02\/IMG_1830.jpg\"  alt=\"IMG_1830\" width=\"592\" height=\"592\" srcset=\"https:\/\/www.blogdomassinha.com.br\/v1\/wp-content\/uploads\/2017\/02\/IMG_1830.jpg 592w, https:\/\/www.blogdomassinha.com.br\/v1\/wp-content\/uploads\/2017\/02\/IMG_1830-150x150.jpg 150w, https:\/\/www.blogdomassinha.com.br\/v1\/wp-content\/uploads\/2017\/02\/IMG_1830-300x300.jpg 300w\" sizes=\"(max-width: 592px) 100vw, 592px\" \/><\/a><\/p>\n<p style=\"text-align: justify;\">Para justificar a constru\u00e7\u00e3o de um espa\u00e7o t\u00e3o importante quanto o Espa\u00e7o Cultural Glauber Rocha, o prefeito Herzem Gusm\u00e3o recomendou aos seus secret\u00e1rios utilizar o m\u00e1ximo poss\u00edvel aquele equipamento com eventos pr\u00f3prios e tamb\u00e9m em parceria com a iniciativa privada.<!--more--><br \/>\nPalmas para a decis\u00e3o. A medida \u00e9 inteligente e democr\u00e1tica. D\u00e1 vida aquela suntuosa obra economizando verba p\u00fablica a partir que setor privado assuma os custos ou at\u00e9 mesmo que dividam as responsabilidades. O esp\u00edrito \u00e9 esse.<br \/>\nHoje, por exemplo, a partir das 10 horas vai acontecer uma grande movimenta\u00e7\u00e3o com uma Feira de Carros Antigos, gastronomia e a comercializa\u00e7\u00e3o de artesanatos.<br \/>\nO prefeito estar\u00e1 presente e convidou os secret\u00e1rios para fazerem o mesmo.<\/p>\n","protected":false},"excerpt":{"rendered":"<p>Para justificar a constru\u00e7\u00e3o de um espa\u00e7o t\u00e3o importante quanto o Espa\u00e7o Cultural Glauber Rocha, o prefeito Herzem Gusm\u00e3o recomendou aos seus secret\u00e1rios utilizar o m\u00e1ximo poss\u00edvel aquele equipamento com eventos pr\u00f3prios e tamb\u00e9m em parceria com a iniciativa privada.<\/p>\n","protected":false},"author":3,"featured_media":7074,"comment_status":"open","ping_status":"open","sticky":false,"template":"","format":"standard","meta":[],"categories":[7,3],"tags":[],"_links":{"self":[{"href":"https:\/\/www.blogdomassinha.com.br\/v1\/wp-json\/wp\/v2\/posts\/7073"}],"collection":[{"href":"https:\/\/www.blogdomassinha.com.br\/v1\/wp-json\/wp\/v2\/posts"}],"about":[{"href":"https:\/\/www.blogdomassinha.com.br\/v1\/wp-json\/wp\/v2\/types\/post"}],"author":[{"embeddable":true,"href":"https:\/\/www.blogdomassinha.com.br\/v1\/wp-json\/wp\/v2\/users\/3"}],"replies":[{"embeddable":true,"href":"https:\/\/www.blogdomassinha.com.br\/v1\/wp-json\/wp\/v2\/comments?post=7073"}],"version-history":[{"count":1,"href":"https:\/\/www.blogdomassinha.com.br\/v1\/wp-json\/wp\/v2\/posts\/7073\/revisions"}],"predecessor-version":[{"id":7075,"href":"https:\/\/www.blogdomassinha.com.br\/v1\/wp-json\/wp\/v2\/posts\/7073\/revisions\/7075"}],"wp:featuredmedia":[{"embeddable":true,"href":"https:\/\/www.blogdomassinha.com.br\/v1\/wp-json\/wp\/v2\/media\/7074"}],"wp:attachment":[{"href":"https:\/\/www.blogdomassinha.com.br\/v1\/wp-json\/wp\/v2\/media?parent=7073"}],"wp:term":[{"taxonomy":"category","embeddable":true,"href":"https:\/\/www.blogdomassinha.com.br\/v1\/wp-json\/wp\/v2\/categories?post=7073"},{"taxonomy":"post_tag","embeddable":true,"href":"https:\/\/www.blogdomassinha.com.br\/v1\/wp-json\/wp\/v2\/tags?post=7073"}],"curies":[{"name":"wp","href":"https:\/\/api.w.org\/{rel}","templated":true}]}}