{"id":7057,"date":"2017-02-17T17:18:01","date_gmt":"2017-02-17T20:18:01","guid":{"rendered":"http:\/\/www.blogdomassinha.com.br\/v1\/?p=7057"},"modified":"2017-02-17T17:18:01","modified_gmt":"2017-02-17T20:18:01","slug":"inspiracao-britanica-prefeito-e-secretarios-participam-de-sessao-ordinaria-da-camara-de-vereadores","status":"publish","type":"post","link":"https:\/\/www.blogdomassinha.com.br\/v1\/2017\/02\/17\/inspiracao-britanica-prefeito-e-secretarios-participam-de-sessao-ordinaria-da-camara-de-vereadores\/","title":{"rendered":"Inspira\u00e7\u00e3o brit\u00e2nica: prefeito e secret\u00e1rios participam de sess\u00e3o ordin\u00e1ria da C\u00e2mara de Vereadores"},"content":{"rendered":"<div id=\"attachment_7059\" style=\"width: 460px\" class=\"wp-caption aligncenter\"><a href=\"http:\/\/www.blogdomassinha.com.br\/v1\/wp-content\/uploads\/2017\/02\/32799190252_cdd1bc61ba_z.jpg\" class=\"gallery_colorbox\"><img aria-describedby=\"caption-attachment-7059\" loading=\"lazy\" class=\"wp-image-7059\" src=\"http:\/\/www.blogdomassinha.com.br\/v1\/wp-content\/uploads\/2017\/02\/32799190252_cdd1bc61ba_z.jpg\"  alt=\"32799190252_cdd1bc61ba_z\" width=\"450\" height=\"300\" srcset=\"https:\/\/www.blogdomassinha.com.br\/v1\/wp-content\/uploads\/2017\/02\/32799190252_cdd1bc61ba_z.jpg 640w, https:\/\/www.blogdomassinha.com.br\/v1\/wp-content\/uploads\/2017\/02\/32799190252_cdd1bc61ba_z-300x200.jpg 300w\" sizes=\"(max-width: 450px) 100vw, 450px\" \/><\/a><p id=\"caption-attachment-7059\" class=\"wp-caption-text\"><strong>Foto: Divulga\u00e7\u00e3o \/ Site PMVC<\/strong><\/p><\/div>\n<p style=\"text-align: justify;\">Em menos de dois meses de governo, Vit\u00f3ria da Conquista viu hoje, 17 de fevereiro, a inaugura\u00e7\u00e3o de uma nova rela\u00e7\u00e3o com a C\u00e2mara de Vereadores, inspirada nos moldes europeus. O prefeito Herzem Gusm\u00e3o e a vice-prefeita Irma Lemos reuniram o secretariado por volta das 8h30 no Gabinete Civil e desceram juntos para o audit\u00f3rio do legislativo municipal, onde acompanharam a quarta sess\u00e3o ordin\u00e1ria da casa.<\/p>\n<p style=\"text-align: justify;\">\u201cVenho sempre aqui e nunca tinha visto o prefeito sentado junto com o povo\u201d, disse surpresa a senhora Marilene Dias, moradora do bairro Jurema. \u201cMostra que ele est\u00e1 disposto a ouvir a popula\u00e7\u00e3o tamb\u00e9m\u201d, avaliou a dona de casa. A surpresa de dona Marilene faz sentido. A presen\u00e7a do chefe do executivo na C\u00e2mara, at\u00e9 ent\u00e3o, s\u00f3 acontecia em sess\u00f5es especiais ou em audi\u00eancias p\u00fablicas, quando o prefeito era convidado a integrar a frente de trabalho.<!--more--><\/p>\n<div id=\"attachment_7060\" style=\"width: 457px\" class=\"wp-caption aligncenter\"><a href=\"http:\/\/www.blogdomassinha.com.br\/v1\/wp-content\/uploads\/2017\/02\/SC1_8631-copy-600x399.jpg\" class=\"gallery_colorbox\"><img aria-describedby=\"caption-attachment-7060\" loading=\"lazy\" class=\"wp-image-7060\" src=\"http:\/\/www.blogdomassinha.com.br\/v1\/wp-content\/uploads\/2017\/02\/SC1_8631-copy-600x399.jpg\"  alt=\"SC1_8631-copy-600x399\" width=\"447\" height=\"297\" srcset=\"https:\/\/www.blogdomassinha.com.br\/v1\/wp-content\/uploads\/2017\/02\/SC1_8631-copy-600x399.jpg 600w, https:\/\/www.blogdomassinha.com.br\/v1\/wp-content\/uploads\/2017\/02\/SC1_8631-copy-600x399-300x200.jpg 300w\" sizes=\"(max-width: 447px) 100vw, 447px\" \/><\/a><p id=\"caption-attachment-7060\" class=\"wp-caption-text\"><strong>Foto: Divulga\u00e7\u00e3o \/ Site PMVC<\/strong><\/p><\/div>\n<p style=\"text-align: justify;\">O prefeito Herzem Gusm\u00e3o explicou a sua atitude. \u201cQueremos ouvir os vereadores, os secret\u00e1rios estar\u00e3o aqui anotando os pleitos, as reivindica\u00e7\u00f5es, as demandas e, na medida do poss\u00edvel, n\u00f3s estaremos atendendo. Queremos fortalecer a democracia, \u00e9 importante o mandato de cada vereador e a C\u00e2mara acaba contribuindo para um mandato harmonioso, tranquilo, seguro e com a vigil\u00e2ncia da popula\u00e7\u00e3o\u201d.<\/p>\n<p style=\"text-align: justify;\">A inspira\u00e7\u00e3o para esse compromisso de Governo do prefeito Herzem Gusm\u00e3o \u00e9 brit\u00e2nica porque, no Reino Unido, o primeiro-ministro e todos os demais fazem parte das c\u00e2maras que constituem o parlamento brit\u00e2nico e participam ativamente das discuss\u00f5es do corpo legislativo. No Brasil, os poderes executivo e legislativo s\u00e3o independentes e a Constitui\u00e7\u00e3o \u00e9 diferente, mas a atual Administra\u00e7\u00e3o quer utilizar esse modelo para otimizar a rela\u00e7\u00e3o entre os poderes, em benef\u00edcio da cidade.<\/p>\n<div id=\"attachment_7061\" style=\"width: 460px\" class=\"wp-caption aligncenter\"><a href=\"http:\/\/www.blogdomassinha.com.br\/v1\/wp-content\/uploads\/2017\/02\/SC1_8643-copy-600x399.jpg\" class=\"gallery_colorbox\"><img aria-describedby=\"caption-attachment-7061\" loading=\"lazy\" class=\"wp-image-7061\" src=\"http:\/\/www.blogdomassinha.com.br\/v1\/wp-content\/uploads\/2017\/02\/SC1_8643-copy-600x399.jpg\"  alt=\"SC1_8643-copy-600x399\" width=\"450\" height=\"299\" srcset=\"https:\/\/www.blogdomassinha.com.br\/v1\/wp-content\/uploads\/2017\/02\/SC1_8643-copy-600x399.jpg 600w, https:\/\/www.blogdomassinha.com.br\/v1\/wp-content\/uploads\/2017\/02\/SC1_8643-copy-600x399-300x200.jpg 300w\" sizes=\"(max-width: 450px) 100vw, 450px\" \/><\/a><p id=\"caption-attachment-7061\" class=\"wp-caption-text\"><strong>Foto: Divulga\u00e7\u00e3o \/ Site PMVC<\/strong><\/p><\/div>\n<p style=\"text-align: justify;\">O l\u00edder da bancada de situa\u00e7\u00e3o, Edjaime Rosa (PMDB), parabenizou o Governo Municipal pela visita. \u201cHoje foi pra mim um motivo de orgulho poder falar para um grupo grande do secretariado. Um momento muito importante para o parlamento, para a C\u00e2mara de Vit\u00f3ria da Conquista\u201d. Da mesma forma, parabenizou o l\u00edder da bancada de oposi\u00e7\u00e3o. \u201cA presen\u00e7a do prefeito \u00e9 um momento que fica marcado na hist\u00f3ria dessa casa, espero que esta seja uma visita constante para nos ajudar no trabalho em prol de Vit\u00f3ria da Conquista\u201d, afirmou o vereador Fernando Vasconcelos (PT).<\/p>\n<p style=\"text-align: justify;\">Durante a sess\u00e3o, os vereadores apresentaram na tribuna os seus pleitos e, tanto os vereadores da situa\u00e7\u00e3o quanto da oposi\u00e7\u00e3o, parabenizaram e agradeceram ao Governo Municipal pela presen\u00e7a. A orienta\u00e7\u00e3o do prefeito Herzem Gusm\u00e3o aos secret\u00e1rios \u00e9 que toda demanda apresentada tenha retorno, mesmo que n\u00e3o seja poss\u00edvel atend\u00ea-la de imediato. A proposta do Governo Municipal \u00e9 que esta visita se repita mais vezes ao longo do ano, dependendo da agenda do prefeito e dos secret\u00e1rios.<\/p>\n","protected":false},"excerpt":{"rendered":"<p>Em menos de dois meses de governo, Vit\u00f3ria da Conquista viu hoje, 17 de fevereiro, a inaugura\u00e7\u00e3o de uma nova rela\u00e7\u00e3o com a C\u00e2mara de Vereadores, inspirada nos moldes europeus. O prefeito Herzem Gusm\u00e3o e a vice-prefeita Irma Lemos reuniram o secretariado por volta das 8h30 no Gabinete Civil e desceram juntos para o audit\u00f3rio [&hellip;]<\/p>\n","protected":false},"author":3,"featured_media":7059,"comment_status":"open","ping_status":"open","sticky":false,"template":"","format":"standard","meta":[],"categories":[7,1],"tags":[44,45,760,31,15],"_links":{"self":[{"href":"https:\/\/www.blogdomassinha.com.br\/v1\/wp-json\/wp\/v2\/posts\/7057"}],"collection":[{"href":"https:\/\/www.blogdomassinha.com.br\/v1\/wp-json\/wp\/v2\/posts"}],"about":[{"href":"https:\/\/www.blogdomassinha.com.br\/v1\/wp-json\/wp\/v2\/types\/post"}],"author":[{"embeddable":true,"href":"https:\/\/www.blogdomassinha.com.br\/v1\/wp-json\/wp\/v2\/users\/3"}],"replies":[{"embeddable":true,"href":"https:\/\/www.blogdomassinha.com.br\/v1\/wp-json\/wp\/v2\/comments?post=7057"}],"version-history":[{"count":2,"href":"https:\/\/www.blogdomassinha.com.br\/v1\/wp-json\/wp\/v2\/posts\/7057\/revisions"}],"predecessor-version":[{"id":7063,"href":"https:\/\/www.blogdomassinha.com.br\/v1\/wp-json\/wp\/v2\/posts\/7057\/revisions\/7063"}],"wp:featuredmedia":[{"embeddable":true,"href":"https:\/\/www.blogdomassinha.com.br\/v1\/wp-json\/wp\/v2\/media\/7059"}],"wp:attachment":[{"href":"https:\/\/www.blogdomassinha.com.br\/v1\/wp-json\/wp\/v2\/media?parent=7057"}],"wp:term":[{"taxonomy":"category","embeddable":true,"href":"https:\/\/www.blogdomassinha.com.br\/v1\/wp-json\/wp\/v2\/categories?post=7057"},{"taxonomy":"post_tag","embeddable":true,"href":"https:\/\/www.blogdomassinha.com.br\/v1\/wp-json\/wp\/v2\/tags?post=7057"}],"curies":[{"name":"wp","href":"https:\/\/api.w.org\/{rel}","templated":true}]}}