{"id":7047,"date":"2017-02-17T09:59:40","date_gmt":"2017-02-17T12:59:40","guid":{"rendered":"http:\/\/www.blogdomassinha.com.br\/v1\/?p=7047"},"modified":"2017-02-17T10:06:45","modified_gmt":"2017-02-17T13:06:45","slug":"conquista-fundacao-de-saude-firma-parceria-com-subsecao-local-da-oab","status":"publish","type":"post","link":"https:\/\/www.blogdomassinha.com.br\/v1\/2017\/02\/17\/conquista-fundacao-de-saude-firma-parceria-com-subsecao-local-da-oab\/","title":{"rendered":"Conquista: Funda\u00e7\u00e3o de Sa\u00fade firma parceria com subse\u00e7\u00e3o local da OAB"},"content":{"rendered":"<div id=\"attachment_7048\" style=\"width: 454px\" class=\"wp-caption aligncenter\"><a href=\"http:\/\/www.blogdomassinha.com.br\/v1\/wp-content\/uploads\/2017\/02\/SC1_8595-600x399.jpg\" class=\"gallery_colorbox\"><img aria-describedby=\"caption-attachment-7048\" loading=\"lazy\" class=\"wp-image-7048\" src=\"http:\/\/www.blogdomassinha.com.br\/v1\/wp-content\/uploads\/2017\/02\/SC1_8595-600x399.jpg\"  alt=\"SC1_8595-600x399\" width=\"444\" height=\"295\" srcset=\"https:\/\/www.blogdomassinha.com.br\/v1\/wp-content\/uploads\/2017\/02\/SC1_8595-600x399.jpg 600w, https:\/\/www.blogdomassinha.com.br\/v1\/wp-content\/uploads\/2017\/02\/SC1_8595-600x399-300x200.jpg 300w\" sizes=\"(max-width: 444px) 100vw, 444px\" \/><\/a><p id=\"caption-attachment-7048\" class=\"wp-caption-text\">Foto: Divulga\u00e7\u00e3o<\/p><\/div>\n<p style=\"text-align: justify;\">A fim de estudar poss\u00edveis formas de atua\u00e7\u00e3o conjunta, o diretor-geral da Funda\u00e7\u00e3o P\u00fablica de Sa\u00fade de Vit\u00f3ria da Conquista, Felipe Bittencourt, recebeu nesta quinta-feira, 16, a visita de Ubirajara \u00c1vila, presidente da subse\u00e7\u00e3o local da Ordem dos Advogados do Brasil (OAB).<\/p>\n<p style=\"text-align: justify;\">Durante o encontro, Bittencourt falou sobre os problemas enfrentados pela Funda\u00e7\u00e3o, como as dificuldades de or\u00e7amento, as defici\u00eancias na infraestrutura e demanda excessiva \u2013 afinal, o hospital presta atendimento a mais de 70 munic\u00edpios da regi\u00e3o que compreende o sudoeste baiano e o norte de Minas.<!--more--><\/p>\n<p style=\"text-align: justify;\">A parceria ainda est\u00e1 no in\u00edcio, mas j\u00e1 se chegou a um encaminhamento pr\u00e1tico: a OAB se comprometeu a fornecer advogados volunt\u00e1rios para atender os pacientes mais carentes, que n\u00e3o t\u00eam recursos para pagar um profissional. O objetivo \u00e9 disponibilizar assessoria jur\u00eddica, principalmente em quest\u00f5es previdenci\u00e1rias, a fim de que as m\u00e3es conhe\u00e7am seus direitos.<\/p>\n<p style=\"text-align: justify;\">\u201cA OAB, no seu compromisso social, se compromete na busca da defesa, principalmente diante do princ\u00edpio da dignidade da pessoa humana. \u00c9 sempre uma preocupa\u00e7\u00e3o nossa a disponibiliza\u00e7\u00e3o e a efetiva\u00e7\u00e3o de servi\u00e7os que busquem melhorar principalmente o tratamento m\u00e9dico da popula\u00e7\u00e3o em geral\u201d, disse \u00c1vila.<\/p>\n<p style=\"text-align: justify;\"><strong>\u2018Parceiros eficazes\u2019<\/strong> \u2013 Os detalhes a respeito do in\u00edcio desse assessoramento, e tamb\u00e9m sobre de como isso ser\u00e1 feito, ser\u00e3o acertados em breve. Al\u00e9m disso, outras formas de atua\u00e7\u00e3o conjunta tamb\u00e9m j\u00e1 est\u00e3o sendo pensadas. \u201c\u00c9 sabido por todos das dificuldades que a Funda\u00e7\u00e3o enfrenta neste momento. Diante desse intuito da nova dire\u00e7\u00e3o em buscar essas melhorias para melhor servir a popula\u00e7\u00e3o, a OAB n\u00e3o pode ficar de fora\u201d, afirmou o presidente da subse\u00e7\u00e3o.<\/p>\n<p style=\"text-align: justify;\">Segundo Felipe Bittencourt, a parceria trar\u00e1 benef\u00edcios \u00e0 popula\u00e7\u00e3o. \u201cA OAB \u00e9 uma institui\u00e7\u00e3o representativa nacionalmente. Ent\u00e3o, quando estamos entrando numa funda\u00e7\u00e3o e queremos ser transparentes e fazer parceiros eficazes, temos que busc\u00e1-los e cham\u00e1-los para a sua responsabilidade\u201d, observou.<\/p>\n<p style=\"text-align: justify;\">\u201cFomentamos algumas possibilidades de parceria, assessoria jur\u00eddica gratuita para os usu\u00e1rios. E alguns outros desdobramentos de apoios futuros em grandes pleitos da Funda\u00e7\u00e3o\u201d, concluiu Bittencourt. <strong>(Fonte: Site PMVC)<\/strong><\/p>\n","protected":false},"excerpt":{"rendered":"<p>A fim de estudar poss\u00edveis formas de atua\u00e7\u00e3o conjunta, o diretor-geral da Funda\u00e7\u00e3o P\u00fablica de Sa\u00fade de Vit\u00f3ria da Conquista, Felipe Bittencourt, recebeu nesta quinta-feira, 16, a visita de Ubirajara \u00c1vila, presidente da subse\u00e7\u00e3o local da Ordem dos Advogados do Brasil (OAB). Durante o encontro, Bittencourt falou sobre os problemas enfrentados pela Funda\u00e7\u00e3o, como as [&hellip;]<\/p>\n","protected":false},"author":3,"featured_media":7048,"comment_status":"open","ping_status":"open","sticky":false,"template":"","format":"standard","meta":[],"categories":[7,1],"tags":[],"_links":{"self":[{"href":"https:\/\/www.blogdomassinha.com.br\/v1\/wp-json\/wp\/v2\/posts\/7047"}],"collection":[{"href":"https:\/\/www.blogdomassinha.com.br\/v1\/wp-json\/wp\/v2\/posts"}],"about":[{"href":"https:\/\/www.blogdomassinha.com.br\/v1\/wp-json\/wp\/v2\/types\/post"}],"author":[{"embeddable":true,"href":"https:\/\/www.blogdomassinha.com.br\/v1\/wp-json\/wp\/v2\/users\/3"}],"replies":[{"embeddable":true,"href":"https:\/\/www.blogdomassinha.com.br\/v1\/wp-json\/wp\/v2\/comments?post=7047"}],"version-history":[{"count":2,"href":"https:\/\/www.blogdomassinha.com.br\/v1\/wp-json\/wp\/v2\/posts\/7047\/revisions"}],"predecessor-version":[{"id":7053,"href":"https:\/\/www.blogdomassinha.com.br\/v1\/wp-json\/wp\/v2\/posts\/7047\/revisions\/7053"}],"wp:featuredmedia":[{"embeddable":true,"href":"https:\/\/www.blogdomassinha.com.br\/v1\/wp-json\/wp\/v2\/media\/7048"}],"wp:attachment":[{"href":"https:\/\/www.blogdomassinha.com.br\/v1\/wp-json\/wp\/v2\/media?parent=7047"}],"wp:term":[{"taxonomy":"category","embeddable":true,"href":"https:\/\/www.blogdomassinha.com.br\/v1\/wp-json\/wp\/v2\/categories?post=7047"},{"taxonomy":"post_tag","embeddable":true,"href":"https:\/\/www.blogdomassinha.com.br\/v1\/wp-json\/wp\/v2\/tags?post=7047"}],"curies":[{"name":"wp","href":"https:\/\/api.w.org\/{rel}","templated":true}]}}