{"id":7038,"date":"2017-02-15T11:37:46","date_gmt":"2017-02-15T14:37:46","guid":{"rendered":"http:\/\/www.blogdomassinha.com.br\/v1\/?p=7038"},"modified":"2017-02-15T11:37:46","modified_gmt":"2017-02-15T14:37:46","slug":"conquista-prefeitura-realiza-melhorias-na-feira-da-patagonia","status":"publish","type":"post","link":"https:\/\/www.blogdomassinha.com.br\/v1\/2017\/02\/15\/conquista-prefeitura-realiza-melhorias-na-feira-da-patagonia\/","title":{"rendered":"Conquista: Prefeitura realiza melhorias na Feira da Patag\u00f4nia"},"content":{"rendered":"<div id=\"attachment_7039\" style=\"width: 457px\" class=\"wp-caption aligncenter\"><a href=\"http:\/\/www.blogdomassinha.com.br\/v1\/wp-content\/uploads\/2017\/02\/SC1_8463-cpy-598x399.jpg\" class=\"gallery_colorbox\"><img aria-describedby=\"caption-attachment-7039\" loading=\"lazy\" class=\"wp-image-7039\" src=\"http:\/\/www.blogdomassinha.com.br\/v1\/wp-content\/uploads\/2017\/02\/SC1_8463-cpy-598x399.jpg\"  alt=\"SC1_8463-cpy-598x399\" width=\"447\" height=\"298\" srcset=\"https:\/\/www.blogdomassinha.com.br\/v1\/wp-content\/uploads\/2017\/02\/SC1_8463-cpy-598x399.jpg 598w, https:\/\/www.blogdomassinha.com.br\/v1\/wp-content\/uploads\/2017\/02\/SC1_8463-cpy-598x399-300x200.jpg 300w\" sizes=\"(max-width: 447px) 100vw, 447px\" \/><\/a><p id=\"caption-attachment-7039\" class=\"wp-caption-text\">Foto: Site PMVC<\/p><\/div>\n<p style=\"text-align: justify;\">\u201cEst\u00e1 muito bom. O espa\u00e7o est\u00e1 ficando mais bonito e com certeza vai atrair mais clientes, pois quem n\u00e3o gosta de comprar em um local arrumado?\u201d, conclui o comerciante Erc\u00edlio Pena, propriet\u00e1rio de uma barraca de hortifruti na Feira da Patag\u00f4nia.<\/p>\n<p style=\"text-align: justify;\">Assim como Erc\u00edlio, os 226 feirantes que trabalham no local observam o servi\u00e7o de revitaliza\u00e7\u00e3o realizado pela Prefeitura Municipal, por meio da Secretaria de Servi\u00e7os P\u00fablicos. Nesse primeiro momento, as colunas da feira est\u00e3o recebendo nova pintura. Posteriormente, o local contar\u00e1 com melhorias na parte el\u00e9trica.<!--more--><\/p>\n<p style=\"text-align: justify;\">O coordenador municipal de Servi\u00e7os B\u00e1sicos, Ilumina\u00e7\u00e3o P\u00fablica e Posturas, Deocleciano de Souza, lembrou que outras interven\u00e7\u00f5es j\u00e1 foram feitas na Feira da Patag\u00f4nia. \u201cMelhoramos a ilumina\u00e7\u00e3o com a reposi\u00e7\u00e3o de v\u00e1rias l\u00e2mpadas e tamb\u00e9m organizamos a \u00e1rea externa da feira\u201d, disse.<\/p>\n<p style=\"text-align: justify;\">A comerciante Andreza Micheline Cordeiro, que juntamente com o marido trabalha no local h\u00e1 15 anos, percebeu a mudan\u00e7a. \u201cA feira est\u00e1 se transformando para melhor. Aqui estava uma escurid\u00e3o por causa das l\u00e2mpadas queimadas. Agora est\u00e1 muito bom para trabalhar\u201d, declarou.<\/p>\n<p style=\"text-align: justify;\">Nos pr\u00f3ximos dias, a equipe da Secretaria de Servi\u00e7os P\u00fablicos estar\u00e1 promovendo melhorias na Feira do Alto Maron. <strong>(Fonte: Site PMVC)<\/strong><\/p>\n","protected":false},"excerpt":{"rendered":"<p>\u201cEst\u00e1 muito bom. O espa\u00e7o est\u00e1 ficando mais bonito e com certeza vai atrair mais clientes, pois quem n\u00e3o gosta de comprar em um local arrumado?\u201d, conclui o comerciante Erc\u00edlio Pena, propriet\u00e1rio de uma barraca de hortifruti na Feira da Patag\u00f4nia. Assim como Erc\u00edlio, os 226 feirantes que trabalham no local observam o servi\u00e7o de [&hellip;]<\/p>\n","protected":false},"author":3,"featured_media":7039,"comment_status":"open","ping_status":"open","sticky":false,"template":"","format":"standard","meta":[],"categories":[7,1],"tags":[],"_links":{"self":[{"href":"https:\/\/www.blogdomassinha.com.br\/v1\/wp-json\/wp\/v2\/posts\/7038"}],"collection":[{"href":"https:\/\/www.blogdomassinha.com.br\/v1\/wp-json\/wp\/v2\/posts"}],"about":[{"href":"https:\/\/www.blogdomassinha.com.br\/v1\/wp-json\/wp\/v2\/types\/post"}],"author":[{"embeddable":true,"href":"https:\/\/www.blogdomassinha.com.br\/v1\/wp-json\/wp\/v2\/users\/3"}],"replies":[{"embeddable":true,"href":"https:\/\/www.blogdomassinha.com.br\/v1\/wp-json\/wp\/v2\/comments?post=7038"}],"version-history":[{"count":1,"href":"https:\/\/www.blogdomassinha.com.br\/v1\/wp-json\/wp\/v2\/posts\/7038\/revisions"}],"predecessor-version":[{"id":7040,"href":"https:\/\/www.blogdomassinha.com.br\/v1\/wp-json\/wp\/v2\/posts\/7038\/revisions\/7040"}],"wp:featuredmedia":[{"embeddable":true,"href":"https:\/\/www.blogdomassinha.com.br\/v1\/wp-json\/wp\/v2\/media\/7039"}],"wp:attachment":[{"href":"https:\/\/www.blogdomassinha.com.br\/v1\/wp-json\/wp\/v2\/media?parent=7038"}],"wp:term":[{"taxonomy":"category","embeddable":true,"href":"https:\/\/www.blogdomassinha.com.br\/v1\/wp-json\/wp\/v2\/categories?post=7038"},{"taxonomy":"post_tag","embeddable":true,"href":"https:\/\/www.blogdomassinha.com.br\/v1\/wp-json\/wp\/v2\/tags?post=7038"}],"curies":[{"name":"wp","href":"https:\/\/api.w.org\/{rel}","templated":true}]}}