{"id":7032,"date":"2017-02-15T11:12:06","date_gmt":"2017-02-15T14:12:06","guid":{"rendered":"http:\/\/www.blogdomassinha.com.br\/v1\/?p=7032"},"modified":"2017-02-15T11:12:06","modified_gmt":"2017-02-15T14:12:06","slug":"i-encontro-gastronomico-sabores-de-conquista-e-adiado-para-marco","status":"publish","type":"post","link":"https:\/\/www.blogdomassinha.com.br\/v1\/2017\/02\/15\/i-encontro-gastronomico-sabores-de-conquista-e-adiado-para-marco\/","title":{"rendered":"I Encontro Gastron\u00f4mico Sabores de Conquista \u00e9 adiado para mar\u00e7o"},"content":{"rendered":"<div id=\"attachment_7033\" style=\"width: 459px\" class=\"wp-caption aligncenter\"><a href=\"http:\/\/www.blogdomassinha.com.br\/v1\/wp-content\/uploads\/2017\/02\/unnamed-3.jpg\" class=\"gallery_colorbox\"><img aria-describedby=\"caption-attachment-7033\" loading=\"lazy\" class=\"wp-image-7033\" src=\"http:\/\/www.blogdomassinha.com.br\/v1\/wp-content\/uploads\/2017\/02\/unnamed-3.jpg\"  alt=\"unnamed (3)\" width=\"449\" height=\"449\" srcset=\"https:\/\/www.blogdomassinha.com.br\/v1\/wp-content\/uploads\/2017\/02\/unnamed-3.jpg 800w, https:\/\/www.blogdomassinha.com.br\/v1\/wp-content\/uploads\/2017\/02\/unnamed-3-150x150.jpg 150w, https:\/\/www.blogdomassinha.com.br\/v1\/wp-content\/uploads\/2017\/02\/unnamed-3-300x300.jpg 300w\" sizes=\"(max-width: 449px) 100vw, 449px\" \/><\/a><p id=\"caption-attachment-7033\" class=\"wp-caption-text\"><strong>Foto: Divulga\u00e7\u00e3o<\/strong><\/p><\/div>\n<p style=\"text-align: justify;\">Devido a quest\u00f5es burocr\u00e1ticas envolvendo o Corpo de Bombeiros e o Centro de Cultura Camillo de Jesus Lima, a dire\u00e7\u00e3o do espa\u00e7o optou por suspender os eventos programados para este m\u00eas, motivo o qual levou ao adiamento do I Encontro Gastron\u00f4mico Sabores de Conquista para os pr\u00f3ximos dias 11 e 12 de mar\u00e7o. O coletivo Sabores de Conquista ir\u00e1 divulgar em breve o novo local do evento.<!--more--><\/p>\n<p style=\"text-align: justify;\"><strong>I Encontro Gastron\u00f4mico Sabores de Conquista<\/strong><\/p>\n<p style=\"text-align: justify;\">O evento \u00e9 a primeira a\u00e7\u00e3o independente do coletivo formado por empreendedores conquistenses, tendo como base a produ\u00e7\u00e3o artesanal de comidas e bebidas.\u00a0Al\u00e9m da exposi\u00e7\u00e3o e comercializa\u00e7\u00e3o de produtos, o encontro tamb\u00e9m ir\u00e1 proporcionar ao p\u00fablico a participa\u00e7\u00e3o em oficinas de produ\u00e7\u00e3o artesanal de alimentos, voltadas para todas as idades.<\/p>\n<p style=\"text-align: justify;\">O <strong>Coletivo Sabores de Conquista<\/strong> surgiu em janeiro de 2017, com o objetivo de valorizar a cultura gastron\u00f4mica local, agregando produtores de alimentos org\u00e2nicos e naturais e promovendo o aperfei\u00e7oamento profissional atrav\u00e9s de cursos, oficinas e palestras ministradas por especialistas da \u00e1rea que contemplar\u00e3o temas atuais do cen\u00e1rio gastron\u00f4mico. Fazem parte do coletivo os empreendimentos Boteco do Gugu, Caf\u00e9 Bauer, Brutos Beer, Suzane Morais, Mestre Pizzaiollo e P\u00f3len Alimentos Veganos. <strong>(Fonte: Vagalume Assessoria)<\/strong><\/p>\n","protected":false},"excerpt":{"rendered":"<p>Devido a quest\u00f5es burocr\u00e1ticas envolvendo o Corpo de Bombeiros e o Centro de Cultura Camillo de Jesus Lima, a dire\u00e7\u00e3o do espa\u00e7o optou por suspender os eventos programados para este m\u00eas, motivo o qual levou ao adiamento do I Encontro Gastron\u00f4mico Sabores de Conquista para os pr\u00f3ximos dias 11 e 12 de mar\u00e7o. O coletivo [&hellip;]<\/p>\n","protected":false},"author":3,"featured_media":7033,"comment_status":"open","ping_status":"open","sticky":false,"template":"","format":"standard","meta":[],"categories":[7,6],"tags":[],"_links":{"self":[{"href":"https:\/\/www.blogdomassinha.com.br\/v1\/wp-json\/wp\/v2\/posts\/7032"}],"collection":[{"href":"https:\/\/www.blogdomassinha.com.br\/v1\/wp-json\/wp\/v2\/posts"}],"about":[{"href":"https:\/\/www.blogdomassinha.com.br\/v1\/wp-json\/wp\/v2\/types\/post"}],"author":[{"embeddable":true,"href":"https:\/\/www.blogdomassinha.com.br\/v1\/wp-json\/wp\/v2\/users\/3"}],"replies":[{"embeddable":true,"href":"https:\/\/www.blogdomassinha.com.br\/v1\/wp-json\/wp\/v2\/comments?post=7032"}],"version-history":[{"count":1,"href":"https:\/\/www.blogdomassinha.com.br\/v1\/wp-json\/wp\/v2\/posts\/7032\/revisions"}],"predecessor-version":[{"id":7034,"href":"https:\/\/www.blogdomassinha.com.br\/v1\/wp-json\/wp\/v2\/posts\/7032\/revisions\/7034"}],"wp:featuredmedia":[{"embeddable":true,"href":"https:\/\/www.blogdomassinha.com.br\/v1\/wp-json\/wp\/v2\/media\/7033"}],"wp:attachment":[{"href":"https:\/\/www.blogdomassinha.com.br\/v1\/wp-json\/wp\/v2\/media?parent=7032"}],"wp:term":[{"taxonomy":"category","embeddable":true,"href":"https:\/\/www.blogdomassinha.com.br\/v1\/wp-json\/wp\/v2\/categories?post=7032"},{"taxonomy":"post_tag","embeddable":true,"href":"https:\/\/www.blogdomassinha.com.br\/v1\/wp-json\/wp\/v2\/tags?post=7032"}],"curies":[{"name":"wp","href":"https:\/\/api.w.org\/{rel}","templated":true}]}}