{"id":7029,"date":"2017-02-15T07:51:38","date_gmt":"2017-02-15T10:51:38","guid":{"rendered":"http:\/\/www.blogdomassinha.com.br\/v1\/?p=7029"},"modified":"2017-02-15T07:51:38","modified_gmt":"2017-02-15T10:51:38","slug":"conquista-saiba-quem-sao-os-convidados-desta-quarta-feira-15-do-agito-geral","status":"publish","type":"post","link":"https:\/\/www.blogdomassinha.com.br\/v1\/2017\/02\/15\/conquista-saiba-quem-sao-os-convidados-desta-quarta-feira-15-do-agito-geral\/","title":{"rendered":"Conquista: Saiba quem s\u00e3o os convidados desta quarta-feira (15) do Agito Geral"},"content":{"rendered":"<p style=\"text-align: justify;\"><a href=\"http:\/\/www.blogdomassinha.com.br\/v1\/wp-content\/uploads\/2017\/02\/IMG_1792.jpg\" class=\"gallery_colorbox\"><img loading=\"lazy\" class=\"aligncenter size-full wp-image-7030\" src=\"http:\/\/www.blogdomassinha.com.br\/v1\/wp-content\/uploads\/2017\/02\/IMG_1792.jpg\"  alt=\"IMG_1792\" width=\"832\" height=\"314\" srcset=\"https:\/\/www.blogdomassinha.com.br\/v1\/wp-content\/uploads\/2017\/02\/IMG_1792.jpg 832w, https:\/\/www.blogdomassinha.com.br\/v1\/wp-content\/uploads\/2017\/02\/IMG_1792-300x113.jpg 300w\" sizes=\"(max-width: 832px) 100vw, 832px\" \/><\/a><\/p>\n<p style=\"text-align: justify;\">Nesta quarta-feira tenho tr\u00eas convidados para participar do meu programa na Melodia FM, 87,9: Al\u00e9m do secret\u00e1rio de Comunica\u00e7\u00e3o Andr\u00e9 Ferraro, vou conversar com duas vereadoras eleitas pela primeira vez: M\u00e1rcia Viviane, do PT, e Nildma, do PCdoB.<br \/>\nO Agito Geral come\u00e7a a partir do meio dia, com apresenta\u00e7\u00e3o de Massinha. Um programa de r\u00e1dio para voc\u00ea que quer ficar bem informado e antenado das principais not\u00edcias de Vit\u00f3ria da Conquista.<br \/>\nN\u00e3o esquece n\u00e3o! Hoje ao meio dia \u00e9 hora de Agito Geral.<\/p>\n","protected":false},"excerpt":{"rendered":"<p>Nesta quarta-feira tenho tr\u00eas convidados para participar do meu programa na Melodia FM, 87,9: Al\u00e9m do secret\u00e1rio de Comunica\u00e7\u00e3o Andr\u00e9 Ferraro, vou conversar com duas vereadoras eleitas pela primeira vez: M\u00e1rcia Viviane, do PT, e Nildma, do PCdoB. O Agito Geral come\u00e7a a partir do meio dia, com apresenta\u00e7\u00e3o de Massinha. Um programa de r\u00e1dio [&hellip;]<\/p>\n","protected":false},"author":3,"featured_media":7030,"comment_status":"open","ping_status":"open","sticky":false,"template":"","format":"standard","meta":[],"categories":[7],"tags":[],"_links":{"self":[{"href":"https:\/\/www.blogdomassinha.com.br\/v1\/wp-json\/wp\/v2\/posts\/7029"}],"collection":[{"href":"https:\/\/www.blogdomassinha.com.br\/v1\/wp-json\/wp\/v2\/posts"}],"about":[{"href":"https:\/\/www.blogdomassinha.com.br\/v1\/wp-json\/wp\/v2\/types\/post"}],"author":[{"embeddable":true,"href":"https:\/\/www.blogdomassinha.com.br\/v1\/wp-json\/wp\/v2\/users\/3"}],"replies":[{"embeddable":true,"href":"https:\/\/www.blogdomassinha.com.br\/v1\/wp-json\/wp\/v2\/comments?post=7029"}],"version-history":[{"count":1,"href":"https:\/\/www.blogdomassinha.com.br\/v1\/wp-json\/wp\/v2\/posts\/7029\/revisions"}],"predecessor-version":[{"id":7031,"href":"https:\/\/www.blogdomassinha.com.br\/v1\/wp-json\/wp\/v2\/posts\/7029\/revisions\/7031"}],"wp:featuredmedia":[{"embeddable":true,"href":"https:\/\/www.blogdomassinha.com.br\/v1\/wp-json\/wp\/v2\/media\/7030"}],"wp:attachment":[{"href":"https:\/\/www.blogdomassinha.com.br\/v1\/wp-json\/wp\/v2\/media?parent=7029"}],"wp:term":[{"taxonomy":"category","embeddable":true,"href":"https:\/\/www.blogdomassinha.com.br\/v1\/wp-json\/wp\/v2\/categories?post=7029"},{"taxonomy":"post_tag","embeddable":true,"href":"https:\/\/www.blogdomassinha.com.br\/v1\/wp-json\/wp\/v2\/tags?post=7029"}],"curies":[{"name":"wp","href":"https:\/\/api.w.org\/{rel}","templated":true}]}}