{"id":7021,"date":"2017-02-14T10:54:56","date_gmt":"2017-02-14T13:54:56","guid":{"rendered":"http:\/\/www.blogdomassinha.com.br\/v1\/?p=7021"},"modified":"2017-02-14T10:54:56","modified_gmt":"2017-02-14T13:54:56","slug":"conquista-programa-agito-geral-desta-terca-feira-recebe-o-advogado-gutemberg-macedo","status":"publish","type":"post","link":"https:\/\/www.blogdomassinha.com.br\/v1\/2017\/02\/14\/conquista-programa-agito-geral-desta-terca-feira-recebe-o-advogado-gutemberg-macedo\/","title":{"rendered":"Conquista: Programa Agito Geral desta ter\u00e7a-feira recebe o advogado Gutemberg Macedo"},"content":{"rendered":"<div id=\"attachment_7022\" style=\"width: 426px\" class=\"wp-caption aligncenter\"><a href=\"http:\/\/www.blogdomassinha.com.br\/v1\/wp-content\/uploads\/2017\/02\/Capturar4.jpg\" class=\"gallery_colorbox\"><img aria-describedby=\"caption-attachment-7022\" loading=\"lazy\" class=\"wp-image-7022\" src=\"http:\/\/www.blogdomassinha.com.br\/v1\/wp-content\/uploads\/2017\/02\/Capturar4.jpg\"  alt=\"Capturar\" width=\"416\" height=\"347\" srcset=\"https:\/\/www.blogdomassinha.com.br\/v1\/wp-content\/uploads\/2017\/02\/Capturar4.jpg 616w, https:\/\/www.blogdomassinha.com.br\/v1\/wp-content\/uploads\/2017\/02\/Capturar4-300x250.jpg 300w\" sizes=\"(max-width: 416px) 100vw, 416px\" \/><\/a><p id=\"caption-attachment-7022\" class=\"wp-caption-text\">Foto: Ascom CMVC<\/p><\/div>\n<p style=\"text-align: justify;\">O Programa Agito Geral desta ter\u00e7a-feira (14), na R\u00e1dio Melodia FM (87,9), ter\u00e1 a presen\u00e7a do advogado Gutemberg Macedo J\u00fanior.<\/p>\n<p style=\"text-align: justify;\">E claro, o apresentador Massinha , que estar\u00e1 mediando essa conversa e debatendo com o convidado sobre diversos assuntos da atualidade no Brasil, Bahia e Vit\u00f3ria da Conquista.<!--more--><\/p>\n<p style=\"text-align: justify;\">N\u00e3o perca! \u00c9 sempre ao meio dia!<\/p>\n","protected":false},"excerpt":{"rendered":"<p>O Programa Agito Geral desta ter\u00e7a-feira (14), na R\u00e1dio Melodia FM (87,9), ter\u00e1 a presen\u00e7a do advogado Gutemberg Macedo J\u00fanior. E claro, o apresentador Massinha , que estar\u00e1 mediando essa conversa e debatendo com o convidado sobre diversos assuntos da atualidade no Brasil, Bahia e Vit\u00f3ria da Conquista.<\/p>\n","protected":false},"author":3,"featured_media":7022,"comment_status":"open","ping_status":"open","sticky":false,"template":"","format":"standard","meta":[],"categories":[7,1],"tags":[],"_links":{"self":[{"href":"https:\/\/www.blogdomassinha.com.br\/v1\/wp-json\/wp\/v2\/posts\/7021"}],"collection":[{"href":"https:\/\/www.blogdomassinha.com.br\/v1\/wp-json\/wp\/v2\/posts"}],"about":[{"href":"https:\/\/www.blogdomassinha.com.br\/v1\/wp-json\/wp\/v2\/types\/post"}],"author":[{"embeddable":true,"href":"https:\/\/www.blogdomassinha.com.br\/v1\/wp-json\/wp\/v2\/users\/3"}],"replies":[{"embeddable":true,"href":"https:\/\/www.blogdomassinha.com.br\/v1\/wp-json\/wp\/v2\/comments?post=7021"}],"version-history":[{"count":1,"href":"https:\/\/www.blogdomassinha.com.br\/v1\/wp-json\/wp\/v2\/posts\/7021\/revisions"}],"predecessor-version":[{"id":7023,"href":"https:\/\/www.blogdomassinha.com.br\/v1\/wp-json\/wp\/v2\/posts\/7021\/revisions\/7023"}],"wp:featuredmedia":[{"embeddable":true,"href":"https:\/\/www.blogdomassinha.com.br\/v1\/wp-json\/wp\/v2\/media\/7022"}],"wp:attachment":[{"href":"https:\/\/www.blogdomassinha.com.br\/v1\/wp-json\/wp\/v2\/media?parent=7021"}],"wp:term":[{"taxonomy":"category","embeddable":true,"href":"https:\/\/www.blogdomassinha.com.br\/v1\/wp-json\/wp\/v2\/categories?post=7021"},{"taxonomy":"post_tag","embeddable":true,"href":"https:\/\/www.blogdomassinha.com.br\/v1\/wp-json\/wp\/v2\/tags?post=7021"}],"curies":[{"name":"wp","href":"https:\/\/api.w.org\/{rel}","templated":true}]}}