{"id":7015,"date":"2017-02-14T10:06:41","date_gmt":"2017-02-14T13:06:41","guid":{"rendered":"http:\/\/www.blogdomassinha.com.br\/v1\/?p=7015"},"modified":"2017-10-10T10:58:59","modified_gmt":"2017-10-10T13:58:59","slug":"curtinhas-do-massa-14-022017","status":"publish","type":"post","link":"https:\/\/www.blogdomassinha.com.br\/v1\/2017\/02\/14\/curtinhas-do-massa-14-022017\/","title":{"rendered":"Curtinhas do Massa &#8211; 14\/02\/2017"},"content":{"rendered":"<div style=\"text-align: justify;\"><a href=\"http:\/\/www.blogdomassinha.com.br\/v1\/wp-content\/uploads\/2017\/01\/curtinhas2.jpg\" class=\"gallery_colorbox\"><img loading=\"lazy\" class=\"wp-image-6679 aligncenter\" src=\"http:\/\/www.blogdomassinha.com.br\/v1\/wp-content\/uploads\/2017\/01\/curtinhas2-300x113.jpg\"  alt=\"curtinhas2\" width=\"398\" height=\"150\" srcset=\"https:\/\/www.blogdomassinha.com.br\/v1\/wp-content\/uploads\/2017\/01\/curtinhas2-300x113.jpg 300w, https:\/\/www.blogdomassinha.com.br\/v1\/wp-content\/uploads\/2017\/01\/curtinhas2.jpg 640w\" sizes=\"(max-width: 398px) 100vw, 398px\" \/><\/a><\/div>\n<div style=\"text-align: justify;\"><\/div>\n<div style=\"text-align: justify;\">Logo mais ao meio dia o advogado Gutemberg Macedo Junior, ex-presidente da OAB, vai falar no Agito Geral sobre a \u00a0viol\u00eancia que viveu o estado do Esp\u00edrito Santo. Guto, vai falar tamb\u00e9m de pol\u00edtica e da chegada de Herzem ao poder. O entrevistado de hoje j\u00e1 foi procurador do munic\u00edpio, j\u00e1 \u00a0ocupou tamb\u00e9m \u00a0a titularidade da procuradoria da C\u00e2mara Municipal.<\/div>\n<div style=\"text-align: justify;\"><\/div>\n<div style=\"text-align: justify;\">xxxxxxxxxxx<\/div>\n<div style=\"text-align: justify;\"><\/div>\n<div style=\"text-align: justify;\">O presidente da Coopmac, Jaymilton Gusm\u00e3o Cunha, o Jaymiltinho, esteve ontem no nosso programa, discorreu sobre o cen\u00e1rio de sucesso que vislumbra para a nossa pr\u00f3xima Exposi\u00e7\u00e3o Agropecu\u00e1ria que come\u00e7a em mar\u00e7o a partir do dia 28 e vai at\u00e9 o dia 02 de abril.<\/div>\n<p><!--more--><\/p>\n<div style=\"text-align: justify;\"><\/div>\n<div style=\"text-align: justify;\">xxxxxxxxxxxxxxx<\/div>\n<div style=\"text-align: justify;\"><\/div>\n<div style=\"text-align: justify;\">O dirigente falou da sua satisfa\u00e7\u00e3o em ter palestra do em Aracaju, \u00e0 convite, sobre o sucesso da sua gest\u00e3o \u00e0 frente da Coopmac. &#8220;Estarei na Alemanha e na Fran\u00e7a representando o cooperativismo da Bahia, tamb\u00e9m expondo as nossa experi\u00eancias e vit\u00f3rias&#8221;, disse Jaymiltinho.<\/div>\n<div style=\"text-align: justify;\"><\/div>\n<div style=\"text-align: justify;\">xxxxxxxxxxx<\/div>\n<div style=\"text-align: justify;\"><\/div>\n<div style=\"text-align: justify;\">Ao abrir a sua fala o presidente da centen\u00e1ria entidade Conquistense confessou a sua alegria em ter recebido o prefeito Herzem Gusm\u00e3o no Parque de Exposi\u00e7\u00f5es:&#8221;o prefeito teve uma defer\u00eancia especial a nossa diretoria. Ele foi acompanhado de cinco secret\u00e1rios e v\u00e1rios membros da administra\u00e7\u00e3o, se colocou \u00e0 disposi\u00e7\u00e3o para colaborar no que for preciso para o sucesso do evento. Nunca houve isso na hist\u00f3ria das rela\u00e7\u00f5es entre a Coopmac e a prefeitura, o staff administrativo em n\u00famero t\u00e3o significativo&#8221;.<\/div>\n<div style=\"text-align: justify;\"><\/div>\n<div style=\"text-align: justify;\">xxxxxxxxxxxx<\/div>\n<div style=\"text-align: justify;\"><\/div>\n<div style=\"text-align: justify;\">O volume de dinheiro que circular\u00e1 durante os seis dias do evento, vai mexer com a economia da cidade. Al\u00e9m dos grandes neg\u00f3cios envolvendo os expositores, outras atividades v\u00e3o movimentar a Exposi\u00e7\u00e3o Conquista.<\/div>\n<div style=\"text-align: justify;\"><\/div>\n<div style=\"text-align: justify;\">xxxxxxxxxxxxx<\/div>\n<div style=\"text-align: justify;\"><\/div>\n<div style=\"text-align: justify;\">Leil\u00f5es, \u00a0gastronomia, Parque de Divers\u00e3o, \u00a0shows com artistas renomados, ser\u00e3o itens que transformar\u00e3o o ritmo da cidade. Conquista ser\u00e1 a capital dos neg\u00f3cios e do entretenimento.<\/div>\n<div style=\"text-align: justify;\"><\/div>\n<div style=\"text-align: justify;\">xxxxxxxxxxxxx<\/div>\n<div style=\"text-align: justify;\"><\/div>\n<div style=\"text-align: justify;\">Faleceu ontem em nossa cidade, o advogado e radialista Dilton Rocha. Renomado profissional da comunica\u00e7\u00e3o.Culto e vers\u00e1til. Come\u00e7ou na Band FM, onde se destacou no jornalismo opinativo. Comp\u00f4s com Mac Donald e Carlos Bramon , um trio de sucesso. Tamb\u00e9m atuou ao lado de Rubem do Prado, na mesma emissora, sob a dire\u00e7\u00e3o de Ivan Lemos.<\/div>\n<div style=\"text-align: justify;\"><\/div>\n<div style=\"text-align: justify;\">xxxxxxxxxxx<\/div>\n<div style=\"text-align: justify;\"><\/div>\n<div style=\"text-align: justify;\">Migrou para a R\u00e1dio Clube de Conquista \u00e0 convite de Herzem. Teve destacada atua\u00e7\u00e3o ao lado do atual prefeito. Dilton, gozava da inteira confian\u00e7a do titular da Resenha Geral, chegando a substitu\u00ed-lo nas apresenta\u00e7\u00f5es durante o per\u00edodo eleitoral. Continuou \u00e0 frente do programa at\u00e9 ontem, quando foi convocado a subir mais um degrau.<\/div>\n<div style=\"text-align: justify;\"><\/div>\n","protected":false},"excerpt":{"rendered":"<p>Logo mais ao meio dia o advogado Gutemberg Macedo Junior, ex-presidente da OAB, vai falar no Agito Geral sobre a \u00a0viol\u00eancia que viveu o estado do Esp\u00edrito Santo. Guto, vai falar tamb\u00e9m de pol\u00edtica e da chegada de Herzem ao poder. O entrevistado de hoje j\u00e1 foi procurador do munic\u00edpio, j\u00e1 \u00a0ocupou tamb\u00e9m \u00a0a titularidade [&hellip;]<\/p>\n","protected":false},"author":3,"featured_media":6679,"comment_status":"open","ping_status":"open","sticky":false,"template":"","format":"standard","meta":[],"categories":[1271,7,6],"tags":[],"_links":{"self":[{"href":"https:\/\/www.blogdomassinha.com.br\/v1\/wp-json\/wp\/v2\/posts\/7015"}],"collection":[{"href":"https:\/\/www.blogdomassinha.com.br\/v1\/wp-json\/wp\/v2\/posts"}],"about":[{"href":"https:\/\/www.blogdomassinha.com.br\/v1\/wp-json\/wp\/v2\/types\/post"}],"author":[{"embeddable":true,"href":"https:\/\/www.blogdomassinha.com.br\/v1\/wp-json\/wp\/v2\/users\/3"}],"replies":[{"embeddable":true,"href":"https:\/\/www.blogdomassinha.com.br\/v1\/wp-json\/wp\/v2\/comments?post=7015"}],"version-history":[{"count":4,"href":"https:\/\/www.blogdomassinha.com.br\/v1\/wp-json\/wp\/v2\/posts\/7015\/revisions"}],"predecessor-version":[{"id":7027,"href":"https:\/\/www.blogdomassinha.com.br\/v1\/wp-json\/wp\/v2\/posts\/7015\/revisions\/7027"}],"wp:featuredmedia":[{"embeddable":true,"href":"https:\/\/www.blogdomassinha.com.br\/v1\/wp-json\/wp\/v2\/media\/6679"}],"wp:attachment":[{"href":"https:\/\/www.blogdomassinha.com.br\/v1\/wp-json\/wp\/v2\/media?parent=7015"}],"wp:term":[{"taxonomy":"category","embeddable":true,"href":"https:\/\/www.blogdomassinha.com.br\/v1\/wp-json\/wp\/v2\/categories?post=7015"},{"taxonomy":"post_tag","embeddable":true,"href":"https:\/\/www.blogdomassinha.com.br\/v1\/wp-json\/wp\/v2\/tags?post=7015"}],"curies":[{"name":"wp","href":"https:\/\/api.w.org\/{rel}","templated":true}]}}