{"id":7003,"date":"2017-02-13T20:12:22","date_gmt":"2017-02-13T23:12:22","guid":{"rendered":"http:\/\/www.blogdomassinha.com.br\/v1\/?p=7003"},"modified":"2017-02-13T20:12:22","modified_gmt":"2017-02-13T23:12:22","slug":"conquista-divulgado-local-do-velorio-e-sepultamento-do-comunicador-dilton-rocha","status":"publish","type":"post","link":"https:\/\/www.blogdomassinha.com.br\/v1\/2017\/02\/13\/conquista-divulgado-local-do-velorio-e-sepultamento-do-comunicador-dilton-rocha\/","title":{"rendered":"Conquista: Divulgado local do vel\u00f3rio e sepultamento do comunicador Dilton Rocha"},"content":{"rendered":"<div id=\"attachment_7004\" style=\"width: 461px\" class=\"wp-caption aligncenter\"><a href=\"http:\/\/www.blogdomassinha.com.br\/v1\/wp-content\/uploads\/2017\/02\/DSC_0072.jpg\" class=\"gallery_colorbox\"><img aria-describedby=\"caption-attachment-7004\" loading=\"lazy\" class=\"wp-image-7004\" src=\"http:\/\/www.blogdomassinha.com.br\/v1\/wp-content\/uploads\/2017\/02\/DSC_0072.jpg\"  alt=\"DSC_0072\" width=\"451\" height=\"302\" srcset=\"https:\/\/www.blogdomassinha.com.br\/v1\/wp-content\/uploads\/2017\/02\/DSC_0072.jpg 800w, https:\/\/www.blogdomassinha.com.br\/v1\/wp-content\/uploads\/2017\/02\/DSC_0072-300x201.jpg 300w\" sizes=\"(max-width: 451px) 100vw, 451px\" \/><\/a><p id=\"caption-attachment-7004\" class=\"wp-caption-text\"><strong>Foto: Blog do Anderson<\/strong><\/p><\/div>\n<p style=\"text-align: justify;\">Foram v\u00e1rias as manifesta\u00e7\u00f5es via rede sociais de carinho, consterna\u00e7\u00e3o e profundo pesar pela morte do radialista e comunicador conquistense Dilton Rocha, apresentador do Resenha Geral, na Brasil FM. O radialista foi encontrado j\u00e1 sem vida na tarde desta segunda-feira (13), no apartamento onde residia, no bairro Candeias.<\/p>\n<p style=\"text-align: justify;\">Dilton era uma figura muito admirada pelos seus colegas de trabalhos, ouvintes e sociedade conquistense. Estava atualmente \u00e0 frente do Programa Resenha Geral, assumindo os microfones de um dos mais aclamados programas do r\u00e1dio de Vit\u00f3ria da Conquista e regi\u00e3o sudoeste.<!--more--><\/p>\n<p style=\"text-align: justify;\">O corpo do radialista ser\u00e1 velado na Funer\u00e1ria Lux, localizada na Avenida Cresc\u00eancio Silveira, a partir das 22h. O enterro ser\u00e1 amanh\u00e3, no cemit\u00e9rio Parque da Cidade, \u00e0s 11h.<\/p>\n<p>&nbsp;<\/p>\n","protected":false},"excerpt":{"rendered":"<p>Foram v\u00e1rias as manifesta\u00e7\u00f5es via rede sociais de carinho, consterna\u00e7\u00e3o e profundo pesar pela morte do radialista e comunicador conquistense Dilton Rocha, apresentador do Resenha Geral, na Brasil FM. O radialista foi encontrado j\u00e1 sem vida na tarde desta segunda-feira (13), no apartamento onde residia, no bairro Candeias. Dilton era uma figura muito admirada pelos [&hellip;]<\/p>\n","protected":false},"author":3,"featured_media":7004,"comment_status":"open","ping_status":"open","sticky":false,"template":"","format":"standard","meta":[],"categories":[7,1,6],"tags":[],"_links":{"self":[{"href":"https:\/\/www.blogdomassinha.com.br\/v1\/wp-json\/wp\/v2\/posts\/7003"}],"collection":[{"href":"https:\/\/www.blogdomassinha.com.br\/v1\/wp-json\/wp\/v2\/posts"}],"about":[{"href":"https:\/\/www.blogdomassinha.com.br\/v1\/wp-json\/wp\/v2\/types\/post"}],"author":[{"embeddable":true,"href":"https:\/\/www.blogdomassinha.com.br\/v1\/wp-json\/wp\/v2\/users\/3"}],"replies":[{"embeddable":true,"href":"https:\/\/www.blogdomassinha.com.br\/v1\/wp-json\/wp\/v2\/comments?post=7003"}],"version-history":[{"count":1,"href":"https:\/\/www.blogdomassinha.com.br\/v1\/wp-json\/wp\/v2\/posts\/7003\/revisions"}],"predecessor-version":[{"id":7005,"href":"https:\/\/www.blogdomassinha.com.br\/v1\/wp-json\/wp\/v2\/posts\/7003\/revisions\/7005"}],"wp:featuredmedia":[{"embeddable":true,"href":"https:\/\/www.blogdomassinha.com.br\/v1\/wp-json\/wp\/v2\/media\/7004"}],"wp:attachment":[{"href":"https:\/\/www.blogdomassinha.com.br\/v1\/wp-json\/wp\/v2\/media?parent=7003"}],"wp:term":[{"taxonomy":"category","embeddable":true,"href":"https:\/\/www.blogdomassinha.com.br\/v1\/wp-json\/wp\/v2\/categories?post=7003"},{"taxonomy":"post_tag","embeddable":true,"href":"https:\/\/www.blogdomassinha.com.br\/v1\/wp-json\/wp\/v2\/tags?post=7003"}],"curies":[{"name":"wp","href":"https:\/\/api.w.org\/{rel}","templated":true}]}}