{"id":6949,"date":"2017-02-09T17:26:48","date_gmt":"2017-02-09T20:26:48","guid":{"rendered":"http:\/\/www.blogdomassinha.com.br\/v1\/?p=6949"},"modified":"2017-02-09T17:26:48","modified_gmt":"2017-02-09T20:26:48","slug":"conquista-recebe-investimentos-para-melhorar-o-abastecimento-de-agua","status":"publish","type":"post","link":"https:\/\/www.blogdomassinha.com.br\/v1\/2017\/02\/09\/conquista-recebe-investimentos-para-melhorar-o-abastecimento-de-agua\/","title":{"rendered":"Conquista recebe investimentos para melhorar o abastecimento de \u00e1gua"},"content":{"rendered":"<div id=\"attachment_6950\" style=\"width: 460px\" class=\"wp-caption aligncenter\"><a href=\"http:\/\/www.blogdomassinha.com.br\/v1\/wp-content\/uploads\/2017\/02\/reuniao-prefeito-embasa-600x399-1.jpg\" class=\"gallery_colorbox\"><img aria-describedby=\"caption-attachment-6950\" loading=\"lazy\" class=\"wp-image-6950\" src=\"http:\/\/www.blogdomassinha.com.br\/v1\/wp-content\/uploads\/2017\/02\/reuniao-prefeito-embasa-600x399-1.jpg\"  alt=\"reuniao-prefeito-embasa-600x399 (1)\" width=\"450\" height=\"299\" srcset=\"https:\/\/www.blogdomassinha.com.br\/v1\/wp-content\/uploads\/2017\/02\/reuniao-prefeito-embasa-600x399-1.jpg 600w, https:\/\/www.blogdomassinha.com.br\/v1\/wp-content\/uploads\/2017\/02\/reuniao-prefeito-embasa-600x399-1-300x200.jpg 300w\" sizes=\"(max-width: 450px) 100vw, 450px\" \/><\/a><p id=\"caption-attachment-6950\" class=\"wp-caption-text\">Foto: Divulga\u00e7\u00e3o \/ Site PMVC<\/p><\/div>\n<p style=\"text-align: justify;\">Atualmente a Embasa est\u00e1 investindo cerca de R$ 10 milh\u00f5es em Vit\u00f3ria da Conquista para melhorar o abastecimento de \u00e1gua na cidade. Foi o que informou a superintendente de Opera\u00e7\u00f5es da regi\u00e3o Sul da Embasa, Poliana Carvalho, ao prefeito Herzem Gusm\u00e3o, em reuni\u00e3o realizada na manh\u00e3 desta quinta, 9. \u201cFora a parte de esgotamento sanit\u00e1rio, pois temos obras de adensamento e amplia\u00e7\u00e3o da rede\u201d, completou.<\/p>\n<p style=\"text-align: justify;\">Segundo os representantes da empresa, essas obras ir\u00e3o amenizar o problema do abastecimento de \u00e1gua, principalmente na regi\u00e3o oeste da cidade. As obras incluem o sistema de bombeamento de \u00e1gua do Rio Gavi\u00e3ozinho e o projeto de expans\u00e3o de rede, com a constru\u00e7\u00e3o de elevat\u00f3rias e reservat\u00f3rios de \u00e1gua para refor\u00e7ar o abastecimento em bairros mais distantes. A Embasa pretende, inclusive, contratar a Empresa Municipal de Urbaniza\u00e7\u00e3o (Emurc) para o recapeamento asf\u00e1ltico das vias que fazem parte da obra.<!--more--><\/p>\n<p style=\"text-align: justify;\">\u201cO objetivo da nossa reuni\u00e3o foi aproximar a rela\u00e7\u00e3o da Embasa com a Prefeitura, e trazer para o prefeito informa\u00e7\u00f5es sobre as obras que j\u00e1 est\u00e3o em andamento na regi\u00e3o de Conquista\u201d, explicou a superintendente, que destacou a import\u00e2ncia de realizar um planejamento junto com a Prefeitura para que o andamento das obras impacte o m\u00ednimo poss\u00edvel na vida das pessoas e que sejam conclu\u00eddas o mais r\u00e1pido poss\u00edvel.<\/p>\n<p style=\"text-align: justify;\">O Governo Municipal colocou-se \u00e0 disposi\u00e7\u00e3o para contribuir com as obras. \u201cN\u00f3s estamos inaugurando uma pr\u00e1tica nova. N\u00f3s queremos colaborar com a Embasa, ampliar o di\u00e1logo. Ent\u00e3o, o que a Embasa precisar da Prefeitura, conte com a gente. A Prefeitura est\u00e1 buscando todas as alternativas para facilitar os investimentos na cidade\u201d, afirmou o prefeito Herzem Gusm\u00e3o.<\/p>\n<p style=\"text-align: justify;\">Durante a reuni\u00e3o, Herzem ainda falou que vai buscar uma solu\u00e7\u00e3o junto ao Governo do Estado para acelerar a finaliza\u00e7\u00e3o do Plano Municipal de Saneamento B\u00e1sico e, em Bras\u00edlia, buscar\u00e1 a libera\u00e7\u00e3o dos recursos federais para iniciar o processo licitat\u00f3rio para a constru\u00e7\u00e3o da Barragem do Catol\u00e9.<\/p>\n<p style=\"text-align: justify;\">O secret\u00e1rio municipal de Infraestrutura e Mobilidade Urbana, Jos\u00e9 Ant\u00f4nio Vieira, e o de Comunica\u00e7\u00e3o, Andr\u00e9 Ferraro, participaram da reuni\u00e3o.<\/p>\n","protected":false},"excerpt":{"rendered":"<p>Atualmente a Embasa est\u00e1 investindo cerca de R$ 10 milh\u00f5es em Vit\u00f3ria da Conquista para melhorar o abastecimento de \u00e1gua na cidade. Foi o que informou a superintendente de Opera\u00e7\u00f5es da regi\u00e3o Sul da Embasa, Poliana Carvalho, ao prefeito Herzem Gusm\u00e3o, em reuni\u00e3o realizada na manh\u00e3 desta quinta, 9. \u201cFora a parte de esgotamento sanit\u00e1rio, [&hellip;]<\/p>\n","protected":false},"author":3,"featured_media":6950,"comment_status":"open","ping_status":"open","sticky":false,"template":"","format":"standard","meta":[],"categories":[7,1],"tags":[],"_links":{"self":[{"href":"https:\/\/www.blogdomassinha.com.br\/v1\/wp-json\/wp\/v2\/posts\/6949"}],"collection":[{"href":"https:\/\/www.blogdomassinha.com.br\/v1\/wp-json\/wp\/v2\/posts"}],"about":[{"href":"https:\/\/www.blogdomassinha.com.br\/v1\/wp-json\/wp\/v2\/types\/post"}],"author":[{"embeddable":true,"href":"https:\/\/www.blogdomassinha.com.br\/v1\/wp-json\/wp\/v2\/users\/3"}],"replies":[{"embeddable":true,"href":"https:\/\/www.blogdomassinha.com.br\/v1\/wp-json\/wp\/v2\/comments?post=6949"}],"version-history":[{"count":1,"href":"https:\/\/www.blogdomassinha.com.br\/v1\/wp-json\/wp\/v2\/posts\/6949\/revisions"}],"predecessor-version":[{"id":6951,"href":"https:\/\/www.blogdomassinha.com.br\/v1\/wp-json\/wp\/v2\/posts\/6949\/revisions\/6951"}],"wp:featuredmedia":[{"embeddable":true,"href":"https:\/\/www.blogdomassinha.com.br\/v1\/wp-json\/wp\/v2\/media\/6950"}],"wp:attachment":[{"href":"https:\/\/www.blogdomassinha.com.br\/v1\/wp-json\/wp\/v2\/media?parent=6949"}],"wp:term":[{"taxonomy":"category","embeddable":true,"href":"https:\/\/www.blogdomassinha.com.br\/v1\/wp-json\/wp\/v2\/categories?post=6949"},{"taxonomy":"post_tag","embeddable":true,"href":"https:\/\/www.blogdomassinha.com.br\/v1\/wp-json\/wp\/v2\/tags?post=6949"}],"curies":[{"name":"wp","href":"https:\/\/api.w.org\/{rel}","templated":true}]}}