{"id":6887,"date":"2017-02-06T10:57:59","date_gmt":"2017-02-06T13:57:59","guid":{"rendered":"http:\/\/www.blogdomassinha.com.br\/v1\/?p=6887"},"modified":"2017-02-06T11:06:33","modified_gmt":"2017-02-06T14:06:33","slug":"oportunidade-pais-tem-mais-de-90-concursos-publicos-abertos-confira-a-lista","status":"publish","type":"post","link":"https:\/\/www.blogdomassinha.com.br\/v1\/2017\/02\/06\/oportunidade-pais-tem-mais-de-90-concursos-publicos-abertos-confira-a-lista\/","title":{"rendered":"Oportunidade: Pa\u00eds tem mais de 90 concursos p\u00fablicos abertos; confira a lista"},"content":{"rendered":"<div id=\"attachment_6888\" style=\"width: 460px\" class=\"wp-caption aligncenter\"><a href=\"http:\/\/www.blogdomassinha.com.br\/v1\/wp-content\/uploads\/2017\/02\/concurso-1.jpg\" class=\"gallery_colorbox\"><img aria-describedby=\"caption-attachment-6888\" loading=\"lazy\" class=\"wp-image-6888\" src=\"http:\/\/www.blogdomassinha.com.br\/v1\/wp-content\/uploads\/2017\/02\/concurso-1.jpg\"  alt=\"concurso-1\" width=\"450\" height=\"343\" srcset=\"https:\/\/www.blogdomassinha.com.br\/v1\/wp-content\/uploads\/2017\/02\/concurso-1.jpg 564w, https:\/\/www.blogdomassinha.com.br\/v1\/wp-content\/uploads\/2017\/02\/concurso-1-300x229.jpg 300w\" sizes=\"(max-width: 450px) 100vw, 450px\" \/><\/a><p id=\"caption-attachment-6888\" class=\"wp-caption-text\"><strong>Foto: Reprodu\u00e7\u00e3o \/ Facebook<\/strong><\/p><\/div>\n<p class=\"bodytext\" style=\"text-align: justify;\">Para quem est\u00e1 em busca da t\u00e3o sonhada estabilidade no mercado de trabalho, o concurso p\u00fablico tem sido uma sa\u00edda, principalmente diante dos altos \u00edndices de desemprego, que j\u00e1 atinge 12,3 milh\u00f5es de brasileiros. O Correio foi em busca de onde h\u00e1 processos seletivos abertos no Brasil. No momento s\u00e3o 94 concursos p\u00fablicos no pa\u00eds que est\u00e3o com inscri\u00e7\u00f5es e re\u00fanem mais de 10 mil vagas em cargos de todos os n\u00edveis de escolaridade. Confira: <!--more--><\/p>\n<p><strong>Corpo de Bombeiros de Pernambuco<\/strong> Inscri\u00e7\u00f5es at\u00e9 26 de mar\u00e7o com sal\u00e1rios de R$ 2.319,88, n\u00edvel m\u00e9dio.<\/p>\n<p><strong>Prefeitura de Anchieta (SC)<\/strong> Inscri\u00e7\u00f5es at\u00e9 o dia 23 de fevereiro, sal\u00e1rios de R$ 3.733,78, n\u00edvel fundamental, m\u00e9dio e superior.<\/p>\n<p><strong>Prefeitura de Barra Bonita (SC)<\/strong> Inscri\u00e7\u00f5es at\u00e9 o dia 23 de fevereiro, sal\u00e1rios R$ 2.632,86, n\u00edvel fundamental, m\u00e9dio e superior .<\/p>\n<p><strong>Prefeitura de Russas (CE)<\/strong> Inscri\u00e7\u00f5es at\u00e9 o dia 23 de fevereiro, sal\u00e1rios de R$ 8.599,00, n\u00edvel fundamental, m\u00e9dio e superior.<\/p>\n<p><strong>Prefeitura de S\u00e3o Jo\u00e3o do Oeste<\/strong> Inscri\u00e7\u00f5es at\u00e9 o dia 23 de fevereiro, sal\u00e1rios de R$ 1.215,74, n\u00edvel fundamental.<\/p>\n<p><strong>C\u00e2mara Municipal de Palma Sola (SC)<\/strong> Inscri\u00e7\u00f5es at\u00e9 23 de fevereiro, sal\u00e1rios de R$ 937,00, ensino fundamental.<\/p>\n<p><strong>Prefeitura de Cravinhos (SP)<\/strong> Inscri\u00e7\u00f5es at\u00e9 23 de fevereiro, sal\u00e1rios de R$ 2.417,62, n\u00edvel fundamental, m\u00e9dio e superior.<\/p>\n<p><strong>Prefeitura de Catanduvas (SC)<\/strong> Inscri\u00e7\u00f5es at\u00e9 o dia 23 de fevereiro, sal\u00e1rios de R$ 5.351,20, n\u00edvel fundamental, m\u00e9dio e superior.<\/p>\n<p><strong>Prefeitura de Descanso (SC)<\/strong> Inscri\u00e7\u00f5es at\u00e9 o dia 22 de fevereiro, sal\u00e1rios de R$ 17.638,78, n\u00edvel fundamental, m\u00e9dio e superior .<\/p>\n<p><strong>Prefeitura de Clementina (SP)<\/strong> Inscri\u00e7\u00f5es at\u00e9 o dia 22 de fevereiro, sal\u00e1rios de R$ 2.193,60, n\u00edvel superior.<\/p>\n<p><strong>Minist\u00e9rio P\u00fablico de Minas Gerais<\/strong> Inscri\u00e7\u00f5es at\u00e9 o dia 22 de fevereiro, sal\u00e1rios de R$ 26.125,17, n\u00edvel superior.<\/p>\n<p><strong>Universidade Federal do Amazonas (Ufam)<\/strong> Inscri\u00e7\u00f5es at\u00e9 o dia 22 de fevereiro, sal\u00e1rios de R$ 9.570,41, n\u00edvel superior.<\/p>\n<p><strong>Tribunal de Justi\u00e7a do Paran\u00e1<\/strong> Inscri\u00e7\u00f5es at\u00e9 o dia 21 de fevereiro, sal\u00e1rios de R$ 5.516,61, n\u00edvel m\u00e9dio.<\/p>\n<p><strong>Conselho Regional de Educa\u00e7\u00e3o F\u00edsica da 15\u00aa Regi\u00e3o<\/strong> Inscri\u00e7\u00f5es at\u00e9 o dia 21 de fevereiro, sal\u00e1rios de R$ 2.524,46, n\u00edvel m\u00e9dio e superior.<\/p>\n<p><strong>Servi\u00e7o Aut\u00f4nomo de \u00c1gua e Esgoto de S\u00e3o Bento do Sul (SC)<\/strong> Inscri\u00e7\u00f5es at\u00e9 o dia20 de fevereiro, sal\u00e1rios de R$ 4.712,44, n\u00edvel superior.<\/p>\n<p><strong>C\u00e2mara Municipal de Currais Novos (RN)<\/strong> Inscri\u00e7\u00f5es at\u00e9 o dia 20 de fevereiro, sal\u00e1rios de R$ 1.800,00, n\u00edvel fundamental, m\u00e9dio e superior.<\/p>\n<p><strong>Prefeitura de Celso Ramos (SC)<\/strong> Inscri\u00e7\u00f5es at\u00e9 o dia 20 de fevereiro, sal\u00e1rios de R$ 14.820,52, ensino fundamental, m\u00e9dio e superior.<\/p>\n<p><strong>Universidade Federal Fluminense (UFF)<\/strong> Inscri\u00e7\u00f5es at\u00e9 o dia 20 de fevereiro, sal\u00e1rios de R$ 3.868,21, n\u00edvel fundamental, m\u00e9dio e superior.<\/p>\n<p><strong>Conselho Regional dos Corretores de Im\u00f3veis da 24\u00aa Regi\u00e3o<\/strong> Inscri\u00e7\u00f5es at\u00e9 o dia 20 de fevereiro, sal\u00e1rios de R$ 1.320,00, n\u00edvel m\u00e9dio.<\/p>\n<p><strong>Prefeitura de Celso Ramos (SC)<\/strong> Inscri\u00e7\u00f5es at\u00e9 o dia 20 de fevereiro, sal\u00e1rios de R$ 14.820,52, n\u00edvel fundamental, m\u00e9dio e superior.<\/p>\n<p><strong>Conselho Regional de Educa\u00e7\u00e3o F\u00edsica da 16\u00aa Regi\u00e3o<\/strong> Inscri\u00e7\u00f5es at\u00e9 o dia 20 de fevereiro, sal\u00e1rios de R$ 2.500,00, n\u00edvel m\u00e9dio e superior.<\/p>\n<p><strong>Prefeitura de Macei\u00f3<\/strong> Inscri\u00e7\u00f5es at\u00e9 o dia 19 de fevereiro, sal\u00e1rios de R$ 6.158,07, n\u00edvel fundamental, m\u00e9dio e superior.<\/p>\n<p><strong>Aeron\u00e1utica (Guaratinguet\u00e1-SP)<\/strong> Inscri\u00e7\u00f5es at\u00e9 o dia 17 de fevereiro, n\u00edvel m\u00e9dio.<\/p>\n<p><strong>Prefeitura de Embu das Artes (SP)<\/strong> Inscri\u00e7\u00f5es at\u00e9 o dia 17 de fevereiro, n\u00edvel m\u00e9dio.<\/p>\n<p><strong>Prefeitura de Belo Horizonte<\/strong> Inscri\u00e7\u00f5es at\u00e9 o dia 16 de maio, sal\u00e1rios de R$ 7.630,26, n\u00edvel superior.<\/p>\n<p><strong>Prefeitura de Sul Brasil (SC)<\/strong> Inscri\u00e7\u00f5es at\u00e9 o dia 16 de fevereiro, sal\u00e1rios de R$ 10.703,30, n\u00edvel fundamental, m\u00e9dio e superior.<\/p>\n<p><strong>Ag\u00eancia Reguladora de Servi\u00e7os P\u00fablicos Delegados de Transporte do Estado de S\u00e3o Paulo (Artesp)<\/strong> Inscri\u00e7\u00f5es at\u00e9 o dia 15 de mar\u00e7o, sal\u00e1rios de R$ 10.285,00, n\u00edvel m\u00e9dio e superior.<\/p>\n<p><strong>Prefeitura de Itapiratins (TO)<\/strong> Inscri\u00e7\u00f5es at\u00e9 o dia\u00a0 15de fevereiro, sal\u00e1rios de R$ 1.490,44, n\u00edvel fundamental e m\u00e9dio.<\/p>\n<p><strong>Prefeitura de S\u00e3o Jos\u00e9 do Vale do Rio Preto (RJ)<\/strong> Inscri\u00e7\u00f5es at\u00e9 o dia 15 de fevereiro, sal\u00e1rios de R$ 8.795,73, ensino fundamental, m\u00e9dio e superior.<\/p>\n<p><strong>Centrais de Abastecimento do Rio Grande do Sul S.A<\/strong> Inscri\u00e7\u00f5es at\u00e9 o dia 15 de fevereiro, sal\u00e1rios de R$ 6.026,62, n\u00edvel m\u00e9dio e superior.<\/p>\n<p><strong>Prefeitura de Quatigu\u00e1 (PR)<\/strong> Inscri\u00e7\u00f5es at\u00e9 o dia 15 de fevereiro, sal\u00e1rios de R$ 6.927,70, n\u00edvel fundamental, m\u00e9dio e superior.<\/p>\n<p><strong>Prefeitura de Santo Ant\u00f4nio do I\u00e7\u00e1 (AM)<\/strong> Inscri\u00e7\u00f5es at\u00e9 o dia 14 de fevereiro, n\u00edvel fundamental, m\u00e9dio e superior.<\/p>\n<p><strong>Tribunal Regional Federal da 2\u00aa Regi\u00e3o<\/strong> Inscri\u00e7\u00f5es at\u00e9 o dia 14 de fevereiro, sal\u00e1rios deR$ 27.500,17, n\u00edvel superior.<\/p>\n<p><strong>Conselho Regional de Medicina do Maranh\u00e3o<\/strong> Inscri\u00e7\u00f5es at\u00e9 o dia 13 de fevereiro, sal\u00e1rios de R$ 1.188,00, n\u00edvel fundamental, m\u00e9dio e superior.<\/p>\n<p><strong>Prefeitura de Porto Belo (SC)<\/strong> Inscri\u00e7\u00f5es at\u00e9 o dia 13 de fevereiro, sal\u00e1rios de R$ 1.853,45, n\u00edvel fundamental, m\u00e9dio e superior.<\/p>\n<p><strong>Conselho Regional de Fisioterapia e Terapia Ocupacional da 15\u00aa Regi\u00e3o<\/strong> Inscri\u00e7\u00f5es at\u00e9 o dia 13 de fevereiro, sal\u00e1rios de R$ 3.319,47, n\u00edvel m\u00e9dio e superior.<\/p>\n<p><strong>Conselho Regional de Farm\u00e1cia do Rio Grande do Norte<\/strong> Inscri\u00e7\u00f5es at\u00e9 o dia 12 de fevereiro, sal\u00e1rios de R$ 3.573,51, n\u00edvel m\u00e9dio e superior.<\/p>\n<p><strong>Companhia de G\u00e1s do Cear\u00e1 &#8211; Ceg\u00e1s<\/strong> Inscri\u00e7\u00f5es at\u00e9 o dia 10 de fevereiro, sal\u00e1rios de R$ 7.289,63, n\u00edvel m\u00e9dio e superior.<\/p>\n<p><strong>Prefeitura de Cambuci (RJ)<\/strong> Inscri\u00e7\u00f5es at\u00e9 o dia 10 de fevereiro, sal\u00e1rios de R$ 1.474,19, n\u00edvel fundamental, m\u00e9dio e superior.<\/p>\n<p><strong>Prefeitura de Guaraciaba (SC)<\/strong> Inscri\u00e7\u00f5es at\u00e9 o dia 10 de fevereiro, sal\u00e1rios de R$ 17.547,48, n\u00edvel fundamental, m\u00e9dio e superior.<\/p>\n<p><strong>Prefeitura de Uira\u00fana (PB)<\/strong> Inscri\u00e7\u00f5es at\u00e9 o dia 10 de fevereiro, sal\u00e1rios de R$ 880,00, n\u00edvel m\u00e9dio.<\/p>\n<p><strong>Conselho Regional do Distrito Federal<\/strong> Inscri\u00e7\u00f5es at\u00e9 o dia 09 de mar\u00e7o, sal\u00e1rios de R$ 5.055,00, n\u00edvel fundamental, m\u00e9dio e superior.<\/p>\n<p><strong>C\u00e2mara Municipal de S\u00e3o Jos\u00e9 do Rio Pardo (SP)<\/strong> Inscri\u00e7\u00f5es at\u00e9 o dia 09 de mar\u00e7o, sal\u00e1rios de R$ 4.971,23, n\u00edvel fundamental, m\u00e9dio e superior.<\/p>\n<p><strong>Prefeitura de Japara\u00edba (MG)<\/strong> Inscri\u00e7\u00f5es at\u00e9 o dia 09 de fevereiro, sal\u00e1rios de R$ 2.676,74, n\u00edvel superior.<\/p>\n<p><strong>Superintend\u00eancia dos Servi\u00e7os Penitenci\u00e1rios do Rio Grande do Sul (Susepe-RS)<\/strong> Inscri\u00e7\u00f5es at\u00e9 o dia 9 de fevereiro, sal\u00e1rios de R$ 4.317,87, n\u00edvel m\u00e9dio e superior.<\/p>\n<p><strong>Companhia Paranaense de Energia (Copel)<\/strong> Inscri\u00e7\u00f5es at\u00e9 o dia 9 de fevereiro, sal\u00e1rios de R$ 7.274,77, n\u00edvel m\u00e9dio e superior.<\/p>\n<p><strong>Prefeitura de Tenente Ananias (RN)<\/strong> Inscri\u00e7\u00f5es at\u00e9 o dia 9 de fevereiro, sal\u00e1rios de R$ 1.640,19, n\u00edvel fundamental, m\u00e9dio e superior .<\/p>\n<p><strong>Prefeitura de Tarumirim (MG)<\/strong> Inscri\u00e7\u00f5es at\u00e9 o dia 9 de fevereiro, sal\u00e1rios de R$ 4.586,83, n\u00edvel fundamental, m\u00e9dio e superior.<\/p>\n<p><strong>Minist\u00e9rio P\u00fablico de Goi\u00e1s<\/strong> Inscri\u00e7\u00f5es at\u00e9 o dia 8 de fevereiro, sal\u00e1rios de R$ 2.926,34, n\u00edvel fundamental.<\/p>\n<p><strong>Pol\u00edcia Militar do Distrito Federal<\/strong> Inscri\u00e7\u00f5es at\u00e9 o dia 08 de fevereiro, sal\u00e1rios de R$ 11.894,25, n\u00edvel superior.<\/p>\n<p><strong>Prefeitura de Anita Garibaldi (SC)<\/strong> Inscri\u00e7\u00f5es at\u00e9 o dia 08 de fevereiro, sal\u00e1rios de R$ 5.972,91, n\u00edvel fundamental, m\u00e9dio e superior.<\/p>\n<p><strong>Tribunal de Justi\u00e7a de Minas Gerais<\/strong> Inscri\u00e7\u00f5es at\u00e9 o dia 8 de fevereiro, n\u00edvel superior em direito.<\/p>\n<p><strong>Prefeitura de Amparo (SP)<\/strong> Inscri\u00e7\u00f5es at\u00e9 o dia 07 de fevereiro, sal\u00e1rios de R$ 5.352,25, n\u00edvel fundamental, m\u00e9dio e superior.<\/p>\n<p><strong>Prefeitura de Chavantes (SP)<\/strong> Inscri\u00e7\u00f5es at\u00e9 o dia 07 de fevereiro, sal\u00e1rios de R$ 1.739,70, n\u00edvel m\u00e9dio e superior.<\/p>\n<p><strong>Universidade Federal de Santa Maria (UFSM)<\/strong> Inscri\u00e7\u00f5es at\u00e9 o dia 07 de fevereiro, sal\u00e1rios R$ 3.868,21, n\u00edvel m\u00e9dio e superior.<\/p>\n<p><strong>Prefeitura de Juiz de Fora (MG<\/strong>) Inscri\u00e7\u00f5es at\u00e9 o dia 06 de mar\u00e7o, sal\u00e1rios de R$ 2.769,57, n\u00edvel superior.<\/p>\n<p><strong>Funda\u00e7\u00e3o Municipal de Cultura (FMC)<\/strong> Inscri\u00e7\u00f5es at\u00e9 o dia 06 de mar\u00e7o, sal\u00e1rios de R$ 4.126,80, n\u00edvel m\u00e9dio e superior.<\/p>\n<p><strong>Prefeitura de Cariri do Tocantins (TO)<\/strong> Inscri\u00e7\u00f5es at\u00e9 o dia 6 de fevereiro, sal\u00e1rios de R$ 1.900,00, n\u00edvel fundamental, m\u00e9dio e superior.<\/p>\n<p><strong>Prefeitura de Terra Boa (PR)<\/strong> Inscri\u00e7\u00f5es at\u00e9 o dia 06 de fevereiro, sal\u00e1rios de R$ 1.198,18, n\u00edvel m\u00e9dio e superior.<\/p>\n<p><strong>Conselho Regional dos Representantes Comerciais do Maranh\u00e3o<\/strong> Inscri\u00e7\u00f5es at\u00e9 o dia 06 de fevereiro, sal\u00e1rios de R$ 3.000,00, n\u00edvel fundamental, m\u00e9dio e superior.<\/p>\n<p><strong>Prefeitura de \u00c1urea (RS)<\/strong> Inscri\u00e7\u00f5es at\u00e9 o dia 06 de fevereiro, sal\u00e1rios de R$ 7.507, n\u00edvel fundamental, m\u00e9dio e superior.<\/p>\n<p><strong>Prefeitura de Palmeira (PR)<\/strong> Inscri\u00e7\u00f5es at\u00e9 o dia 06 de fevereiro, sal\u00e1rios de R$ 2.227,20, n\u00edvel m\u00e9dio e superior.<\/p>\n<p><strong>Universidade Estadual de Ponta Grossa (UEPG)<\/strong> Inscri\u00e7\u00f5es at\u00e9 o dia\u00a0 06 de fevereiro, sal\u00e1rios de R$ 8.208,60, n\u00edvel superior.<\/p>\n<p><strong>Prefeitura de Flores da Cunha (RS)<\/strong> Inscri\u00e7\u00f5es at\u00e9 o dia 06 de fevereiro, sal\u00e1rios de R$ 5.941,97, n\u00edvel fundamental e superior.<\/p>\n<p><strong>Hemocentro do Distrito Federal<\/strong> Inscri\u00e7\u00f5es at\u00e9 o dia 06 de fevereiro, sal\u00e1rios de R$ 5.820,00, n\u00edvel m\u00e9dio e superior.<\/p>\n<p><strong>Prefeitura de Santo Ant\u00f4nio do Leste (MT)<\/strong> Inscri\u00e7\u00f5es at\u00e9 o dia 06 de fevereiro, sal\u00e1rios de R$ 14.479,20, n\u00edvel fundamental, m\u00e9dio e superior.<\/p>\n<p><strong>Prefeitura de \u00c1urea (RS)<\/strong> Inscri\u00e7\u00f5es at\u00e9 o dia 06 de fevereiro, sal\u00e1rios de R$ 7.507,08, n\u00edvel fundamental, m\u00e9dio e superior.<\/p>\n<p><strong>Servi\u00e7o Aut\u00f4nomo de \u00c1gua e Esgoto de Cafel\u00e2ndia (SP)<\/strong> Inscri\u00e7\u00f5es at\u00e9 o dia 06 de fevereiro, sal\u00e1rios de R$ 3.400,00, n\u00edvel fundamental, m\u00e9dio e superior.<\/p>\n<p><strong>Prefeitura de Gurj\u00e3o (PB)<\/strong> Inscri\u00e7\u00f5es at\u00e9 o dia 05 de mar\u00e7o, sal\u00e1rios de R$ 11.700,00, n\u00edvel fundamental, m\u00e9dio e superior.<\/p>\n<p><strong>Prefeitura de Cachoeiras de Macacu (RJ)<\/strong> Inscri\u00e7\u00f5es at\u00e9 o dia 05 de mar\u00e7o, sal\u00e1rios de R$ 1.161,00, n\u00edvel m\u00e9dio.<\/p>\n<p><strong>Governo de Rond\u00f4nia<\/strong> Inscri\u00e7\u00f5es at\u00e9 o dia 01 de mar\u00e7o, sal\u00e1rios de R$ 9.028,76, n\u00edvel fundamental, m\u00e9dio e superior.<\/p>\n<p><strong>Pol\u00edcia Militar de Minas Gerais<\/strong> Inscri\u00e7\u00f5es at\u00e9 o dia 29 de mar\u00e7o, sal\u00e1rios de R$ 3.278,74, n\u00edvel superior.<\/p>\n<p><strong>Prefeitura de Iapu (MG)<\/strong> Inscri\u00e7\u00f5es at\u00e9 o dia 23 de mar\u00e7o, sal\u00e1rios de R$ 7.000,00, n\u00edvel m\u00e9dio, t\u00e9cnico e superior.<\/p>\n<p><strong>Conselho Regional de Farm\u00e1cia de Minas Gerais<\/strong> Inscri\u00e7\u00f5es at\u00e9 o dia 23 de mar\u00e7o, sal\u00e1rios de R$ 5.378,29, n\u00edvel m\u00e9dio e superior.<\/p>\n<p><strong>Prefeitura de Senador Modestino Gon\u00e7alves (MG)<\/strong> Inscri\u00e7\u00f5es at\u00e9 o dia 23 de mar\u00e7o, sal\u00e1rios de R$ 6.017,82, n\u00edvel fundamental, m\u00e9dio e superior.<\/p>\n<p><strong>Celg Gera\u00e7\u00e3o e Transmiss\u00e3o (Celg GT)<\/strong> Inscri\u00e7\u00f5es at\u00e9 o dia 23 de mar\u00e7o, sal\u00e1rios de R$ 7.890,24, n\u00edvel m\u00e9dio e superior.<\/p>\n<p><strong>Secretaria de Gest\u00e3o e Planejamento de Goi\u00e1s<\/strong> Inscri\u00e7\u00f5es at\u00e9 o dia 23 de fevereiro, sal\u00e1rios de R$ 937,00, n\u00edvel fundamental e m\u00e9dio.<\/p>\n<p><strong>Prefeitura de Nova Era (MG)<\/strong> Inscri\u00e7\u00f5es at\u00e9 o dia 23 de fevereiro, sal\u00e1rios de R$ 2.539,91, n\u00edvel m\u00e9dio e superior.<\/p>\n<p><strong>Conselho Regional de Biologia da 1\u00aa Regi\u00e3o<\/strong> Inscri\u00e7\u00f5es at\u00e9 o dia 17 de mar\u00e7o, sal\u00e1rios de R$ 6.625,21, n\u00edvel superior.<\/p>\n<p><strong>Prefeitura de Dona Emma (SC)<\/strong> Inscri\u00e7\u00f5es at\u00e9 o dia 14 de fevereiro, sal\u00e1rios de R$ 13.775,52, n\u00edvel fundamental e superior.<\/p>\n<p><strong>Prefeitura de Sim\u00e3o Pereira (MG)<\/strong> Inscri\u00e7\u00f5es at\u00e9 o dia 13 de mar\u00e7o, sal\u00e1rios de R$ 2.704,87, n\u00edvel fundamental, m\u00e9dio e superior.<\/p>\n<p><strong>Prefeitura de Tr\u00eas Pontas (MG)<\/strong> Inscri\u00e7\u00f5es at\u00e9 o dia 12 de fevereiro, sal\u00e1rios de R$ 2.942,10, n\u00edvel m\u00e9dio e superior.<\/p>\n<p><strong>Universidade Federal dos Vales do Jequitinhonha e Mucuri (UFVJM)<\/strong> Inscri\u00e7\u00f5es at\u00e9 o dia 10 de mar\u00e7o, sal\u00e1rios de R$ 4.180,66, n\u00edvel fundamental, m\u00e9dio e superior.<\/p>\n<p><strong>Prefeitura de Canarana (MT)<\/strong> Inscri\u00e7\u00f5es at\u00e9 o dia 09 de fevereiro, sal\u00e1rios de R$ 14.422,16, n\u00edvel fundamental, m\u00e9dio e superior.<\/p>\n<p><strong>Prefeitura de Moema (MG)<\/strong> Inscri\u00e7\u00f5es at\u00e9 o dia 07 de mar\u00e7o, sal\u00e1rios de R$ 6.600,00, n\u00edvel fundamental, m\u00e9dio e superior.<\/p>\n<p><strong>C\u00e2mara Municipal de Altin\u00f3polis (SP)<\/strong> Inscri\u00e7\u00f5es at\u00e9 o dia 07 de mar\u00e7o, sal\u00e1rios de R$ 5.319,36, n\u00edvel m\u00e9dio e superior.<\/p>\n<p><strong>Marinha Inscri\u00e7\u00f5es<\/strong> at\u00e9 o dia 06 de mar\u00e7o, n\u00edvel fundamental.<\/p>\n<p><strong>Prefeitura de Turvol\u00e2ndia (MG)<\/strong> Inscri\u00e7\u00f5es at\u00e9 o dia 04 de abril , sal\u00e1rios de R$ 1.259,00, n\u00edvel fundamental, m\u00e9dio e superior.<\/p>\n<p><strong>Tribunal de Justi\u00e7a do Paran\u00e1<\/strong> Inscri\u00e7\u00f5es at\u00e9 o dia 03 de mar\u00e7o, n\u00edvel superior em direito.<\/p>\n<p><strong>Conselho Regional de Nutricionistas da 5\u00aa Regi\u00e3o<\/strong> inscri\u00e7\u00f5es at\u00e9 o dia 02 de mar\u00e7o, sal\u00e1rios de R$ 3.712,35, n\u00edvel m\u00e9dio e superior. <strong>(Fonte: iBahia)<\/strong><\/p>\n","protected":false},"excerpt":{"rendered":"<p>Para quem est\u00e1 em busca da t\u00e3o sonhada estabilidade no mercado de trabalho, o concurso p\u00fablico tem sido uma sa\u00edda, principalmente diante dos altos \u00edndices de desemprego, que j\u00e1 atinge 12,3 milh\u00f5es de brasileiros. O Correio foi em busca de onde h\u00e1 processos seletivos abertos no Brasil. No momento s\u00e3o 94 concursos p\u00fablicos no pa\u00eds [&hellip;]<\/p>\n","protected":false},"author":3,"featured_media":6888,"comment_status":"open","ping_status":"open","sticky":false,"template":"","format":"standard","meta":[],"categories":[7,1],"tags":[60,21,1252],"_links":{"self":[{"href":"https:\/\/www.blogdomassinha.com.br\/v1\/wp-json\/wp\/v2\/posts\/6887"}],"collection":[{"href":"https:\/\/www.blogdomassinha.com.br\/v1\/wp-json\/wp\/v2\/posts"}],"about":[{"href":"https:\/\/www.blogdomassinha.com.br\/v1\/wp-json\/wp\/v2\/types\/post"}],"author":[{"embeddable":true,"href":"https:\/\/www.blogdomassinha.com.br\/v1\/wp-json\/wp\/v2\/users\/3"}],"replies":[{"embeddable":true,"href":"https:\/\/www.blogdomassinha.com.br\/v1\/wp-json\/wp\/v2\/comments?post=6887"}],"version-history":[{"count":3,"href":"https:\/\/www.blogdomassinha.com.br\/v1\/wp-json\/wp\/v2\/posts\/6887\/revisions"}],"predecessor-version":[{"id":6891,"href":"https:\/\/www.blogdomassinha.com.br\/v1\/wp-json\/wp\/v2\/posts\/6887\/revisions\/6891"}],"wp:featuredmedia":[{"embeddable":true,"href":"https:\/\/www.blogdomassinha.com.br\/v1\/wp-json\/wp\/v2\/media\/6888"}],"wp:attachment":[{"href":"https:\/\/www.blogdomassinha.com.br\/v1\/wp-json\/wp\/v2\/media?parent=6887"}],"wp:term":[{"taxonomy":"category","embeddable":true,"href":"https:\/\/www.blogdomassinha.com.br\/v1\/wp-json\/wp\/v2\/categories?post=6887"},{"taxonomy":"post_tag","embeddable":true,"href":"https:\/\/www.blogdomassinha.com.br\/v1\/wp-json\/wp\/v2\/tags?post=6887"}],"curies":[{"name":"wp","href":"https:\/\/api.w.org\/{rel}","templated":true}]}}