{"id":6850,"date":"2017-02-03T14:58:48","date_gmt":"2017-02-03T17:58:48","guid":{"rendered":"http:\/\/www.blogdomassinha.com.br\/v1\/?p=6850"},"modified":"2017-02-03T14:58:48","modified_gmt":"2017-02-03T17:58:48","slug":"conquista-administracao-municipal-e-cdl-discutem-melhorias-para-o-centro-da-cidade","status":"publish","type":"post","link":"https:\/\/www.blogdomassinha.com.br\/v1\/2017\/02\/03\/conquista-administracao-municipal-e-cdl-discutem-melhorias-para-o-centro-da-cidade\/","title":{"rendered":"Conquista: Administra\u00e7\u00e3o Municipal e CDL discutem melhorias para o centro da cidade"},"content":{"rendered":"<div id=\"attachment_6851\" style=\"width: 460px\" class=\"wp-caption aligncenter\"><a href=\"http:\/\/www.blogdomassinha.com.br\/v1\/wp-content\/uploads\/2017\/02\/SC1_7732-600x399.jpg\" class=\"gallery_colorbox\"><img aria-describedby=\"caption-attachment-6851\" loading=\"lazy\" class=\"wp-image-6851\" src=\"http:\/\/www.blogdomassinha.com.br\/v1\/wp-content\/uploads\/2017\/02\/SC1_7732-600x399.jpg\"  alt=\"SC1_7732-600x399\" width=\"450\" height=\"299\" srcset=\"https:\/\/www.blogdomassinha.com.br\/v1\/wp-content\/uploads\/2017\/02\/SC1_7732-600x399.jpg 600w, https:\/\/www.blogdomassinha.com.br\/v1\/wp-content\/uploads\/2017\/02\/SC1_7732-600x399-300x200.jpg 300w\" sizes=\"(max-width: 450px) 100vw, 450px\" \/><\/a><p id=\"caption-attachment-6851\" class=\"wp-caption-text\">Foto: Divulga\u00e7\u00e3o \/ Site PMVC<\/p><\/div>\n<p style=\"text-align: justify;\"><strong>Por Blog do Massinha<\/strong><\/p>\n<p style=\"text-align: justify;\">Os representantes da C\u00e2mara de Dirigentes Lojistas foram recebidos pelo Governo Municipal, na tarde dessa quinta-feira (02). O encontro teve como prop\u00f3sito discutir melhorias para o centro comercial de Vit\u00f3ria da Conquista.<\/p>\n<p style=\"text-align: justify;\">Na oportunidade, o prefeito Herzem Gusm\u00e3o acompanhado de sua equipe de governo, trouxe algumas ideias para a revitaliza\u00e7\u00e3o das \u00e1reas centrais do terceiro maior munic\u00edpio da Bahia. Entre os projetos que foram apresentados, est\u00e1 o de moderniza\u00e7\u00e3o do Terminal da Lauro de Freitas.<!--more--><\/p>\n<p style=\"text-align: justify;\">Outros projetos em discuss\u00e3o, dizem respeito \u00e0 revitaliza\u00e7\u00e3o da Pra\u00e7a da Bandeira, transforma\u00e7\u00e3o da Travessa G\u00f3es Calmon em alameda, al\u00e9m de melhorias no piso da \u00e1rea central do munic\u00edpio.<\/p>\n","protected":false},"excerpt":{"rendered":"<p>Por Blog do Massinha Os representantes da C\u00e2mara de Dirigentes Lojistas foram recebidos pelo Governo Municipal, na tarde dessa quinta-feira (02). O encontro teve como prop\u00f3sito discutir melhorias para o centro comercial de Vit\u00f3ria da Conquista. Na oportunidade, o prefeito Herzem Gusm\u00e3o acompanhado de sua equipe de governo, trouxe algumas ideias para a revitaliza\u00e7\u00e3o das [&hellip;]<\/p>\n","protected":false},"author":3,"featured_media":6851,"comment_status":"open","ping_status":"open","sticky":false,"template":"","format":"standard","meta":[],"categories":[7,1],"tags":[44,1247,31,15],"_links":{"self":[{"href":"https:\/\/www.blogdomassinha.com.br\/v1\/wp-json\/wp\/v2\/posts\/6850"}],"collection":[{"href":"https:\/\/www.blogdomassinha.com.br\/v1\/wp-json\/wp\/v2\/posts"}],"about":[{"href":"https:\/\/www.blogdomassinha.com.br\/v1\/wp-json\/wp\/v2\/types\/post"}],"author":[{"embeddable":true,"href":"https:\/\/www.blogdomassinha.com.br\/v1\/wp-json\/wp\/v2\/users\/3"}],"replies":[{"embeddable":true,"href":"https:\/\/www.blogdomassinha.com.br\/v1\/wp-json\/wp\/v2\/comments?post=6850"}],"version-history":[{"count":1,"href":"https:\/\/www.blogdomassinha.com.br\/v1\/wp-json\/wp\/v2\/posts\/6850\/revisions"}],"predecessor-version":[{"id":6852,"href":"https:\/\/www.blogdomassinha.com.br\/v1\/wp-json\/wp\/v2\/posts\/6850\/revisions\/6852"}],"wp:featuredmedia":[{"embeddable":true,"href":"https:\/\/www.blogdomassinha.com.br\/v1\/wp-json\/wp\/v2\/media\/6851"}],"wp:attachment":[{"href":"https:\/\/www.blogdomassinha.com.br\/v1\/wp-json\/wp\/v2\/media?parent=6850"}],"wp:term":[{"taxonomy":"category","embeddable":true,"href":"https:\/\/www.blogdomassinha.com.br\/v1\/wp-json\/wp\/v2\/categories?post=6850"},{"taxonomy":"post_tag","embeddable":true,"href":"https:\/\/www.blogdomassinha.com.br\/v1\/wp-json\/wp\/v2\/tags?post=6850"}],"curies":[{"name":"wp","href":"https:\/\/api.w.org\/{rel}","templated":true}]}}