{"id":6823,"date":"2017-02-01T10:16:52","date_gmt":"2017-02-01T13:16:52","guid":{"rendered":"http:\/\/www.blogdomassinha.com.br\/v1\/?p=6823"},"modified":"2017-02-01T10:16:52","modified_gmt":"2017-02-01T13:16:52","slug":"prefeitura-apoia-mais-uma-edicao-do-carnaval-conquista-cultural","status":"publish","type":"post","link":"https:\/\/www.blogdomassinha.com.br\/v1\/2017\/02\/01\/prefeitura-apoia-mais-uma-edicao-do-carnaval-conquista-cultural\/","title":{"rendered":"Prefeitura apoia mais uma edi\u00e7\u00e3o do Carnaval Conquista Cultural"},"content":{"rendered":"<div id=\"attachment_6824\" style=\"width: 460px\" class=\"wp-caption aligncenter\"><a href=\"http:\/\/www.blogdomassinha.com.br\/v1\/wp-content\/uploads\/2017\/02\/DSC_3472-600x397.jpg\" class=\"gallery_colorbox\"><img aria-describedby=\"caption-attachment-6824\" loading=\"lazy\" class=\"wp-image-6824\" src=\"http:\/\/www.blogdomassinha.com.br\/v1\/wp-content\/uploads\/2017\/02\/DSC_3472-600x397.jpg\"  alt=\"DSC_3472-600x397\" width=\"450\" height=\"298\" srcset=\"https:\/\/www.blogdomassinha.com.br\/v1\/wp-content\/uploads\/2017\/02\/DSC_3472-600x397.jpg 600w, https:\/\/www.blogdomassinha.com.br\/v1\/wp-content\/uploads\/2017\/02\/DSC_3472-600x397-300x199.jpg 300w\" sizes=\"(max-width: 450px) 100vw, 450px\" \/><\/a><p id=\"caption-attachment-6824\" class=\"wp-caption-text\">Foto: Divulga\u00e7\u00e3o<\/p><\/div>\n<p style=\"text-align: justify;\">A cidade de Vit\u00f3ria da Conquista sediar\u00e1 mais uma edi\u00e7\u00e3o do Carnaval Conquista Cultural. O evento acontece entre os dias 25 e 28 de fevereiro, na Pra\u00e7a da Bandeira, e tem como finalidade resgatar os antigos carnavais realizados no munic\u00edpio durante as d\u00e9cadas de 70 e 80.<\/p>\n<p style=\"text-align: justify;\">A festividade conta com o apoio da Prefeitura Municipal, por meio da Secretaria Municipal de Cultura, Turismo e Lazer.<!--more--><\/p>\n<p style=\"text-align: justify;\">O evento \u00e9 gratuito e permite a participa\u00e7\u00e3o de todos, inclusive as crian\u00e7as. A festa come\u00e7a com a tradicional Lavagem do Beco no s\u00e1bado. Para os demais dias, a programa\u00e7\u00e3o ainda est\u00e1 sendo fechada.<\/p>\n","protected":false},"excerpt":{"rendered":"<p>A cidade de Vit\u00f3ria da Conquista sediar\u00e1 mais uma edi\u00e7\u00e3o do Carnaval Conquista Cultural. O evento acontece entre os dias 25 e 28 de fevereiro, na Pra\u00e7a da Bandeira, e tem como finalidade resgatar os antigos carnavais realizados no munic\u00edpio durante as d\u00e9cadas de 70 e 80. A festividade conta com o apoio da Prefeitura [&hellip;]<\/p>\n","protected":false},"author":3,"featured_media":6824,"comment_status":"open","ping_status":"open","sticky":false,"template":"","format":"standard","meta":[],"categories":[7,858,1],"tags":[1240,205,251,1238,1068,1239],"_links":{"self":[{"href":"https:\/\/www.blogdomassinha.com.br\/v1\/wp-json\/wp\/v2\/posts\/6823"}],"collection":[{"href":"https:\/\/www.blogdomassinha.com.br\/v1\/wp-json\/wp\/v2\/posts"}],"about":[{"href":"https:\/\/www.blogdomassinha.com.br\/v1\/wp-json\/wp\/v2\/types\/post"}],"author":[{"embeddable":true,"href":"https:\/\/www.blogdomassinha.com.br\/v1\/wp-json\/wp\/v2\/users\/3"}],"replies":[{"embeddable":true,"href":"https:\/\/www.blogdomassinha.com.br\/v1\/wp-json\/wp\/v2\/comments?post=6823"}],"version-history":[{"count":1,"href":"https:\/\/www.blogdomassinha.com.br\/v1\/wp-json\/wp\/v2\/posts\/6823\/revisions"}],"predecessor-version":[{"id":6825,"href":"https:\/\/www.blogdomassinha.com.br\/v1\/wp-json\/wp\/v2\/posts\/6823\/revisions\/6825"}],"wp:featuredmedia":[{"embeddable":true,"href":"https:\/\/www.blogdomassinha.com.br\/v1\/wp-json\/wp\/v2\/media\/6824"}],"wp:attachment":[{"href":"https:\/\/www.blogdomassinha.com.br\/v1\/wp-json\/wp\/v2\/media?parent=6823"}],"wp:term":[{"taxonomy":"category","embeddable":true,"href":"https:\/\/www.blogdomassinha.com.br\/v1\/wp-json\/wp\/v2\/categories?post=6823"},{"taxonomy":"post_tag","embeddable":true,"href":"https:\/\/www.blogdomassinha.com.br\/v1\/wp-json\/wp\/v2\/tags?post=6823"}],"curies":[{"name":"wp","href":"https:\/\/api.w.org\/{rel}","templated":true}]}}