{"id":6812,"date":"2017-01-31T14:31:05","date_gmt":"2017-01-31T17:31:05","guid":{"rendered":"http:\/\/www.blogdomassinha.com.br\/v1\/?p=6812"},"modified":"2017-01-31T14:31:05","modified_gmt":"2017-01-31T17:31:05","slug":"conquista-secretaria-de-administracao-dialoga-com-monitores-da-educacao","status":"publish","type":"post","link":"https:\/\/www.blogdomassinha.com.br\/v1\/2017\/01\/31\/conquista-secretaria-de-administracao-dialoga-com-monitores-da-educacao\/","title":{"rendered":"Conquista: Secretaria de Administra\u00e7\u00e3o dialoga com monitores da educa\u00e7\u00e3o"},"content":{"rendered":"<div id=\"attachment_6813\" style=\"width: 460px\" class=\"wp-caption aligncenter\"><a href=\"http:\/\/www.blogdomassinha.com.br\/v1\/wp-content\/uploads\/2017\/01\/Monitores-da-Educa\u00e7\u00e3o.jpg\" class=\"gallery_colorbox\"><img aria-describedby=\"caption-attachment-6813\" loading=\"lazy\" class=\"wp-image-6813\" src=\"http:\/\/www.blogdomassinha.com.br\/v1\/wp-content\/uploads\/2017\/01\/Monitores-da-Educa\u00e7\u00e3o.jpg\"  alt=\"Monitores da Educa\u00e7\u00e3o\" width=\"450\" height=\"299\" srcset=\"https:\/\/www.blogdomassinha.com.br\/v1\/wp-content\/uploads\/2017\/01\/Monitores-da-Educa\u00e7\u00e3o.jpg 600w, https:\/\/www.blogdomassinha.com.br\/v1\/wp-content\/uploads\/2017\/01\/Monitores-da-Educa\u00e7\u00e3o-300x200.jpg 300w\" sizes=\"(max-width: 450px) 100vw, 450px\" \/><\/a><p id=\"caption-attachment-6813\" class=\"wp-caption-text\"><strong>Foto: Site PMVC<\/strong><\/p><\/div>\n<p style=\"text-align: justify;\"><strong>Por Blog do Massinha<\/strong><\/p>\n<p style=\"text-align: justify;\">Na tarde dessa segunda-feira (30), em Vit\u00f3ria da Conquista, o secret\u00e1rio municipal de Administra\u00e7\u00e3o, Paulo Williams, esteve reunido com a dire\u00e7\u00e3o do Sindicato do Magist\u00e9rio Municipal P\u00fablico de Vit\u00f3ria da Conquista (Simmp) e monitores que atuam nas escolas e creches da Rede Municipal de Ensino.<\/p>\n<p style=\"text-align: justify;\">A reuni\u00e3o teve como prop\u00f3sito detalhar as medidas que v\u00eam sendo tomadas pelo Governo Municipal a fim de conter os gastos p\u00fablicos. Dentre elas, o corte de horas-extras e gratifica\u00e7\u00f5es dos servidores municipais. O corte foi feito de forma nivelada e visa identificar poss\u00edveis distor\u00e7\u00f5es no pagamento. A partir da\u00ed, a Secretaria de Administra\u00e7\u00e3o est\u00e1 come\u00e7ando a analisar caso a caso para que nenhum servidor que recebe de acordo com a lei seja penalizado com a medida.<!--more--><\/p>\n<p style=\"text-align: justify;\">Ainda no encontro, foi reafirmado o interesse da administra\u00e7\u00e3o municipal em pagar as horas-extras e gratifica\u00e7\u00f5es ap\u00f3s a normatiza\u00e7\u00e3o e regulamenta\u00e7\u00e3o, de acordo com a lei de isonomia.<\/p>\n<p style=\"text-align: justify;\">De acordo com secret\u00e1rio, a reuni\u00e3o foi de extrema import\u00e2ncia e aconteceu num clima muito amistoso, por ambas as partes. \u201cFoi importante para que a gente pudesse posicionar o Governo dentro dessa quest\u00e3o e para estabelecermos essa abertura e o contato permanente, para que a gente mantenha esse n\u00edvel de discuss\u00e3o do interesse coletivo\u201d, avaliou Paulo Williams.<\/p>\n<p style=\"text-align: justify;\">\u00a0A presidente do SIMMP, Arlete D\u00f3ria, espera que o governo fa\u00e7a o esfor\u00e7o necess\u00e1rio para repassar o valor de imediato aos monitores, para que assim n\u00e3o seja causado nenhum preju\u00edzo \u00e0 categoria.<\/p>\n<p style=\"text-align: justify;\">Outra reivindica\u00e7\u00e3o do SIMMP foi que o pagamento da contribui\u00e7\u00e3o sindical dos monitores, profissionais filiados ao sindicato, seja feita automaticamente, com desconto na folha.<\/p>\n<p style=\"text-align: justify;\">Todas as reivindica\u00e7\u00f5es sugeridas foram anotadas e ser\u00e3o analisadas pela Administra\u00e7\u00e3o.<\/p>\n","protected":false},"excerpt":{"rendered":"<p>Por Blog do Massinha Na tarde dessa segunda-feira (30), em Vit\u00f3ria da Conquista, o secret\u00e1rio municipal de Administra\u00e7\u00e3o, Paulo Williams, esteve reunido com a dire\u00e7\u00e3o do Sindicato do Magist\u00e9rio Municipal P\u00fablico de Vit\u00f3ria da Conquista (Simmp) e monitores que atuam nas escolas e creches da Rede Municipal de Ensino. A reuni\u00e3o teve como prop\u00f3sito detalhar [&hellip;]<\/p>\n","protected":false},"author":3,"featured_media":6813,"comment_status":"open","ping_status":"open","sticky":false,"template":"","format":"standard","meta":[],"categories":[7,1],"tags":[916,440,1235,446],"_links":{"self":[{"href":"https:\/\/www.blogdomassinha.com.br\/v1\/wp-json\/wp\/v2\/posts\/6812"}],"collection":[{"href":"https:\/\/www.blogdomassinha.com.br\/v1\/wp-json\/wp\/v2\/posts"}],"about":[{"href":"https:\/\/www.blogdomassinha.com.br\/v1\/wp-json\/wp\/v2\/types\/post"}],"author":[{"embeddable":true,"href":"https:\/\/www.blogdomassinha.com.br\/v1\/wp-json\/wp\/v2\/users\/3"}],"replies":[{"embeddable":true,"href":"https:\/\/www.blogdomassinha.com.br\/v1\/wp-json\/wp\/v2\/comments?post=6812"}],"version-history":[{"count":1,"href":"https:\/\/www.blogdomassinha.com.br\/v1\/wp-json\/wp\/v2\/posts\/6812\/revisions"}],"predecessor-version":[{"id":6814,"href":"https:\/\/www.blogdomassinha.com.br\/v1\/wp-json\/wp\/v2\/posts\/6812\/revisions\/6814"}],"wp:featuredmedia":[{"embeddable":true,"href":"https:\/\/www.blogdomassinha.com.br\/v1\/wp-json\/wp\/v2\/media\/6813"}],"wp:attachment":[{"href":"https:\/\/www.blogdomassinha.com.br\/v1\/wp-json\/wp\/v2\/media?parent=6812"}],"wp:term":[{"taxonomy":"category","embeddable":true,"href":"https:\/\/www.blogdomassinha.com.br\/v1\/wp-json\/wp\/v2\/categories?post=6812"},{"taxonomy":"post_tag","embeddable":true,"href":"https:\/\/www.blogdomassinha.com.br\/v1\/wp-json\/wp\/v2\/tags?post=6812"}],"curies":[{"name":"wp","href":"https:\/\/api.w.org\/{rel}","templated":true}]}}