{"id":6805,"date":"2017-01-30T20:14:07","date_gmt":"2017-01-30T23:14:07","guid":{"rendered":"http:\/\/www.blogdomassinha.com.br\/v1\/?p=6805"},"modified":"2017-01-30T20:14:07","modified_gmt":"2017-01-30T23:14:07","slug":"musica-com-toda-baianidade-possivel-saulo-lanca-nova-musica-de-trabalho-ouca","status":"publish","type":"post","link":"https:\/\/www.blogdomassinha.com.br\/v1\/2017\/01\/30\/musica-com-toda-baianidade-possivel-saulo-lanca-nova-musica-de-trabalho-ouca\/","title":{"rendered":"M\u00fasica: Com toda baianidade poss\u00edvel, Saulo lan\u00e7a nova m\u00fasica de trabalho; ou\u00e7a"},"content":{"rendered":"<p><iframe loading=\"lazy\" src=\"https:\/\/www.youtube.com\/embed\/L1AuS92pTGA\" width=\"480\" height=\"320\" frameborder=\"0\" allowfullscreen=\"allowfullscreen\"><\/iframe><\/p>\n<p style=\"text-align: justify;\"><strong>Por Blog do Massinha<\/strong><\/p>\n<p style=\"text-align: justify;\">O cantor Saulo Fernandes vem cheio de energia para o ano de 2017. \u201cDeixa L\u00e1\u201d, can\u00e7\u00e3o que foi lan\u00e7ada pelo artista e faz parte do \u00e1lbum &#8220;O Azul e o Sol&#8221;, \u00e9 a aposta para o ver\u00e3o e tamb\u00e9m para o Carnaval de Salvador.<\/p>\n<p style=\"text-align: justify;\">A composi\u00e7\u00e3o traz toda a influ\u00eancia do batuque, suingue e malemol\u00eancia baiana. No videoclipe, que foi lan\u00e7ado em seu canal, al\u00e9m da vista maravilhosa da Ba\u00eda de Todos os Santos, mostra a verdade musical e de sentimento do artista junto ao seu p\u00fablico. A m\u00fasica ganhou um incremento, aquele ingrediente a mais, pois, o cantor aparece tocando um ukulele, instrumento de cordas havaiano.<!--more--><\/p>\n<p style=\"text-align: justify;\">Toda essa mistura se fundiu em um som muito bacana, de se ouvir e apreciar v\u00e1rias vezes.<\/p>\n<!--[if lt IE 9]><script>document.createElement('audio');<\/script><![endif]-->\n<audio class=\"wp-audio-shortcode\" id=\"audio-6805-1\" preload=\"none\" style=\"width: 100%;\" controls=\"controls\"><source type=\"audio\/mpeg\" src=\"http:\/\/www.blogdomassinha.com.br\/v1\/wp-content\/uploads\/2017\/01\/11-Deixa-L\u00e1-D\u00ea-Xal\u00e1.mp3?_=1\" \/><a href=\"http:\/\/www.blogdomassinha.com.br\/v1\/wp-content\/uploads\/2017\/01\/11-Deixa-L\u00e1-D\u00ea-Xal\u00e1.mp3\">http:\/\/www.blogdomassinha.com.br\/v1\/wp-content\/uploads\/2017\/01\/11-Deixa-L\u00e1-D\u00ea-Xal\u00e1.mp3<\/a><\/audio>\n","protected":false},"excerpt":{"rendered":"<p>Por Blog do Massinha O cantor Saulo Fernandes vem cheio de energia para o ano de 2017. \u201cDeixa L\u00e1\u201d, can\u00e7\u00e3o que foi lan\u00e7ada pelo artista e faz parte do \u00e1lbum &#8220;O Azul e o Sol&#8221;, \u00e9 a aposta para o ver\u00e3o e tamb\u00e9m para o Carnaval de Salvador. A composi\u00e7\u00e3o traz toda a influ\u00eancia do [&hellip;]<\/p>\n","protected":false},"author":3,"featured_media":6806,"comment_status":"open","ping_status":"open","sticky":false,"template":"","format":"standard","meta":[],"categories":[7,1],"tags":[1231,1232,1233,195],"_links":{"self":[{"href":"https:\/\/www.blogdomassinha.com.br\/v1\/wp-json\/wp\/v2\/posts\/6805"}],"collection":[{"href":"https:\/\/www.blogdomassinha.com.br\/v1\/wp-json\/wp\/v2\/posts"}],"about":[{"href":"https:\/\/www.blogdomassinha.com.br\/v1\/wp-json\/wp\/v2\/types\/post"}],"author":[{"embeddable":true,"href":"https:\/\/www.blogdomassinha.com.br\/v1\/wp-json\/wp\/v2\/users\/3"}],"replies":[{"embeddable":true,"href":"https:\/\/www.blogdomassinha.com.br\/v1\/wp-json\/wp\/v2\/comments?post=6805"}],"version-history":[{"count":1,"href":"https:\/\/www.blogdomassinha.com.br\/v1\/wp-json\/wp\/v2\/posts\/6805\/revisions"}],"predecessor-version":[{"id":6808,"href":"https:\/\/www.blogdomassinha.com.br\/v1\/wp-json\/wp\/v2\/posts\/6805\/revisions\/6808"}],"wp:featuredmedia":[{"embeddable":true,"href":"https:\/\/www.blogdomassinha.com.br\/v1\/wp-json\/wp\/v2\/media\/6806"}],"wp:attachment":[{"href":"https:\/\/www.blogdomassinha.com.br\/v1\/wp-json\/wp\/v2\/media?parent=6805"}],"wp:term":[{"taxonomy":"category","embeddable":true,"href":"https:\/\/www.blogdomassinha.com.br\/v1\/wp-json\/wp\/v2\/categories?post=6805"},{"taxonomy":"post_tag","embeddable":true,"href":"https:\/\/www.blogdomassinha.com.br\/v1\/wp-json\/wp\/v2\/tags?post=6805"}],"curies":[{"name":"wp","href":"https:\/\/api.w.org\/{rel}","templated":true}]}}