{"id":6717,"date":"2017-01-25T17:52:42","date_gmt":"2017-01-25T20:52:42","guid":{"rendered":"http:\/\/www.blogdomassinha.com.br\/v1\/?p=6717"},"modified":"2017-01-25T17:52:42","modified_gmt":"2017-01-25T20:52:42","slug":"conquista-dia-18-de-fevereiro-tem-massicas-retro-saiba-mais","status":"publish","type":"post","link":"https:\/\/www.blogdomassinha.com.br\/v1\/2017\/01\/25\/conquista-dia-18-de-fevereiro-tem-massicas-retro-saiba-mais\/","title":{"rendered":"Conquista: Dia 18 de fevereiro tem Massicas Retr\u00f4; saiba mais"},"content":{"rendered":"<div style=\"width: 1280px;\" class=\"wp-video\"><!--[if lt IE 9]><script>document.createElement('video');<\/script><![endif]-->\n<video class=\"wp-video-shortcode\" id=\"video-6717-1\" width=\"1280\" height=\"720\" preload=\"metadata\" controls=\"controls\"><source type=\"video\/mp4\" src=\"http:\/\/www.blogdomassinha.com.br\/v1\/wp-content\/uploads\/2017\/01\/f3a7bc9b-0165-4543-881c-54e4982c9400.mp4?_=1\" \/><a href=\"http:\/\/www.blogdomassinha.com.br\/v1\/wp-content\/uploads\/2017\/01\/f3a7bc9b-0165-4543-881c-54e4982c9400.mp4\">http:\/\/www.blogdomassinha.com.br\/v1\/wp-content\/uploads\/2017\/01\/f3a7bc9b-0165-4543-881c-54e4982c9400.mp4<\/a><\/video><\/div>\n<p style=\"text-align: justify;\"><strong>Por Blog do Agito Geral<\/strong><\/p>\n<p style=\"text-align: justify;\">Essa \u00e9 pra voc\u00ea que est\u00e1 com saudade dos antigos carnavais, das marchinhas, do confete e serpentina e das festas de clubes. Vem a\u00ed, no dia 18 de fevereiro, Massicas Retr\u00f4! Uma festa que vai reunir amigos para reviverem grandes momentos \u00e0 moda dos carnavais antigos.<\/p>\n<p style=\"text-align: justify;\">Ent\u00e3o, j\u00e1 sabe, dia 18 de fevereiro tem Massicas Retr\u00f4! Em breve mais informa\u00e7\u00f5es do local, pre\u00e7os e pontos de venda.<!--more--><\/p>\n<p style=\"text-align: justify;\">Anote na agenda! Esperamos voc\u00ea l\u00e1!<\/p>\n","protected":false},"excerpt":{"rendered":"<p>Por Blog do Agito Geral Essa \u00e9 pra voc\u00ea que est\u00e1 com saudade dos antigos carnavais, das marchinhas, do confete e serpentina e das festas de clubes. Vem a\u00ed, no dia 18 de fevereiro, Massicas Retr\u00f4! Uma festa que vai reunir amigos para reviverem grandes momentos \u00e0 moda dos carnavais antigos. Ent\u00e3o, j\u00e1 sabe, dia [&hellip;]<\/p>\n","protected":false},"author":3,"featured_media":6718,"comment_status":"open","ping_status":"open","sticky":false,"template":"","format":"standard","meta":[],"categories":[7,3],"tags":[1204,1205],"_links":{"self":[{"href":"https:\/\/www.blogdomassinha.com.br\/v1\/wp-json\/wp\/v2\/posts\/6717"}],"collection":[{"href":"https:\/\/www.blogdomassinha.com.br\/v1\/wp-json\/wp\/v2\/posts"}],"about":[{"href":"https:\/\/www.blogdomassinha.com.br\/v1\/wp-json\/wp\/v2\/types\/post"}],"author":[{"embeddable":true,"href":"https:\/\/www.blogdomassinha.com.br\/v1\/wp-json\/wp\/v2\/users\/3"}],"replies":[{"embeddable":true,"href":"https:\/\/www.blogdomassinha.com.br\/v1\/wp-json\/wp\/v2\/comments?post=6717"}],"version-history":[{"count":1,"href":"https:\/\/www.blogdomassinha.com.br\/v1\/wp-json\/wp\/v2\/posts\/6717\/revisions"}],"predecessor-version":[{"id":6720,"href":"https:\/\/www.blogdomassinha.com.br\/v1\/wp-json\/wp\/v2\/posts\/6717\/revisions\/6720"}],"wp:featuredmedia":[{"embeddable":true,"href":"https:\/\/www.blogdomassinha.com.br\/v1\/wp-json\/wp\/v2\/media\/6718"}],"wp:attachment":[{"href":"https:\/\/www.blogdomassinha.com.br\/v1\/wp-json\/wp\/v2\/media?parent=6717"}],"wp:term":[{"taxonomy":"category","embeddable":true,"href":"https:\/\/www.blogdomassinha.com.br\/v1\/wp-json\/wp\/v2\/categories?post=6717"},{"taxonomy":"post_tag","embeddable":true,"href":"https:\/\/www.blogdomassinha.com.br\/v1\/wp-json\/wp\/v2\/tags?post=6717"}],"curies":[{"name":"wp","href":"https:\/\/api.w.org\/{rel}","templated":true}]}}