{"id":6686,"date":"2017-01-24T17:35:12","date_gmt":"2017-01-24T20:35:12","guid":{"rendered":"http:\/\/www.blogdomassinha.com.br\/v1\/?p=6686"},"modified":"2017-01-24T17:35:12","modified_gmt":"2017-01-24T20:35:12","slug":"conquista-em-entrevista-dude-fala-sobre-projeto-do-novo-terminal-e-compromisso-junto-a-camara-de-vereadores","status":"publish","type":"post","link":"https:\/\/www.blogdomassinha.com.br\/v1\/2017\/01\/24\/conquista-em-entrevista-dude-fala-sobre-projeto-do-novo-terminal-e-compromisso-junto-a-camara-de-vereadores\/","title":{"rendered":"Conquista: Em entrevista, Dud\u00e9 fala sobre projeto do novo terminal e compromisso junto \u00e0 C\u00e2mara de Vereadores"},"content":{"rendered":"<div id=\"attachment_6688\" style=\"width: 460px\" class=\"wp-caption aligncenter\"><a href=\"http:\/\/www.blogdomassinha.com.br\/v1\/wp-content\/uploads\/2017\/01\/Dud\u00e91.jpg\" class=\"gallery_colorbox\"><img aria-describedby=\"caption-attachment-6688\" loading=\"lazy\" class=\"wp-image-6688\" src=\"http:\/\/www.blogdomassinha.com.br\/v1\/wp-content\/uploads\/2017\/01\/Dud\u00e91.jpg\"  alt=\"Dud\u00e9\" width=\"450\" height=\"270\" srcset=\"https:\/\/www.blogdomassinha.com.br\/v1\/wp-content\/uploads\/2017\/01\/Dud\u00e91.jpg 500w, https:\/\/www.blogdomassinha.com.br\/v1\/wp-content\/uploads\/2017\/01\/Dud\u00e91-300x180.jpg 300w\" sizes=\"(max-width: 450px) 100vw, 450px\" \/><\/a><p id=\"caption-attachment-6688\" class=\"wp-caption-text\"><strong>Foto: Blog do Rodrigo Ferraz<\/strong><\/p><\/div>\n<p><strong>Por Blog do Agito Geral<\/strong><\/p>\n<p>Lu\u00eds Carlos Dud\u00e9 (PDT), vereador e l\u00edder do prefeito na C\u00e2mara Municipal de Vereadores de Vit\u00f3ria da Conquista, foi o convidado dessa quarta-feira do programa Agito Geral, na Melodia FM (87,9).<\/p>\n<p>Ao apresentador Massinha, Dud\u00e9 agradeceu ao apoio e aos votos dos mais de 2 mil e 500 eleitores. O vereador abordou dentre outros assuntos sobre os compromissos do novo governo e dos vereadores com a cidade de Vit\u00f3ria da Conquista.<!--more--><\/p>\n<p>Foram debatidos temas como esporte, lazer e mobilidade urbana. Esse \u00faltimo ponto, em especial, foi tratado a defini\u00e7\u00e3o do projeto do novo Terminal da Avenida Lauro de Freitas.<\/p>\n<p>Ou\u00e7a a entrevista:<\/p>\n<p><iframe loading=\"lazy\" style=\"overflow: hidden; height: 60px; width: 530px; border: 0; margin: 0;\" src=\"https:\/\/www.4shared.com\/web\/embed\/audio\/file\/rb7_s2sPba?type=MINI&amp;widgetWidth=530&amp;showArtwork=true&amp;playlistHeight=0&amp;widgetRid=21276105132\" width=\"300\" height=\"150\"><\/iframe><\/p>\n","protected":false},"excerpt":{"rendered":"<p>Por Blog do Agito Geral Lu\u00eds Carlos Dud\u00e9 (PDT), vereador e l\u00edder do prefeito na C\u00e2mara Municipal de Vereadores de Vit\u00f3ria da Conquista, foi o convidado dessa quarta-feira do programa Agito Geral, na Melodia FM (87,9). Ao apresentador Massinha, Dud\u00e9 agradeceu ao apoio e aos votos dos mais de 2 mil e 500 eleitores. O [&hellip;]<\/p>\n","protected":false},"author":3,"featured_media":6688,"comment_status":"open","ping_status":"open","sticky":false,"template":"","format":"standard","meta":[],"categories":[7,1],"tags":[849,1197,498],"_links":{"self":[{"href":"https:\/\/www.blogdomassinha.com.br\/v1\/wp-json\/wp\/v2\/posts\/6686"}],"collection":[{"href":"https:\/\/www.blogdomassinha.com.br\/v1\/wp-json\/wp\/v2\/posts"}],"about":[{"href":"https:\/\/www.blogdomassinha.com.br\/v1\/wp-json\/wp\/v2\/types\/post"}],"author":[{"embeddable":true,"href":"https:\/\/www.blogdomassinha.com.br\/v1\/wp-json\/wp\/v2\/users\/3"}],"replies":[{"embeddable":true,"href":"https:\/\/www.blogdomassinha.com.br\/v1\/wp-json\/wp\/v2\/comments?post=6686"}],"version-history":[{"count":2,"href":"https:\/\/www.blogdomassinha.com.br\/v1\/wp-json\/wp\/v2\/posts\/6686\/revisions"}],"predecessor-version":[{"id":6689,"href":"https:\/\/www.blogdomassinha.com.br\/v1\/wp-json\/wp\/v2\/posts\/6686\/revisions\/6689"}],"wp:featuredmedia":[{"embeddable":true,"href":"https:\/\/www.blogdomassinha.com.br\/v1\/wp-json\/wp\/v2\/media\/6688"}],"wp:attachment":[{"href":"https:\/\/www.blogdomassinha.com.br\/v1\/wp-json\/wp\/v2\/media?parent=6686"}],"wp:term":[{"taxonomy":"category","embeddable":true,"href":"https:\/\/www.blogdomassinha.com.br\/v1\/wp-json\/wp\/v2\/categories?post=6686"},{"taxonomy":"post_tag","embeddable":true,"href":"https:\/\/www.blogdomassinha.com.br\/v1\/wp-json\/wp\/v2\/tags?post=6686"}],"curies":[{"name":"wp","href":"https:\/\/api.w.org\/{rel}","templated":true}]}}