{"id":6678,"date":"2017-01-24T12:33:32","date_gmt":"2017-01-24T15:33:32","guid":{"rendered":"http:\/\/www.blogdomassinha.com.br\/v1\/?p=6678"},"modified":"2017-10-10T10:59:53","modified_gmt":"2017-10-10T13:59:53","slug":"curtinhas-do-massa-24012017","status":"publish","type":"post","link":"https:\/\/www.blogdomassinha.com.br\/v1\/2017\/01\/24\/curtinhas-do-massa-24012017\/","title":{"rendered":"Curtinhas do Massa &#8211; 24\/01\/2017"},"content":{"rendered":"<div style=\"text-align: justify;\"><a href=\"http:\/\/www.blogdomassinha.com.br\/v1\/wp-content\/uploads\/2017\/01\/curtinhas2.jpg\" class=\"gallery_colorbox\"><img loading=\"lazy\" class=\"aligncenter wp-image-6679\" src=\"http:\/\/www.blogdomassinha.com.br\/v1\/wp-content\/uploads\/2017\/01\/curtinhas2.jpg\"  alt=\"curtinhas2\" width=\"499\" height=\"187\" srcset=\"https:\/\/www.blogdomassinha.com.br\/v1\/wp-content\/uploads\/2017\/01\/curtinhas2.jpg 640w, https:\/\/www.blogdomassinha.com.br\/v1\/wp-content\/uploads\/2017\/01\/curtinhas2-300x113.jpg 300w\" sizes=\"(max-width: 499px) 100vw, 499px\" \/><\/a><\/div>\n<p><strong>CURTINHAS!<\/strong><\/p>\n<p>O m\u00e9dico e pol\u00edtico Jo\u00e1s Meira esteve ontem no nosso programa Agito Geral falando dos\u00a0 pr\u00f3ximos passos junto \u00e0 comunidade Conquistense.<\/p>\n<p>xxxxxxxxxxx<br \/>\nEm primeiro lugar vai ficar muito mais pr\u00f3ximo da fam\u00edlia, \u00e9 prioridade; retorna para a medicina, vai cuidar, portanto, da sua vida profissional, ali\u00e1s,\u00a0 j\u00e1 est\u00e1 atuando no Hospital de Base, onde j\u00e1 dirigiu em tempos n\u00e3o muito distantes; bem, a pol\u00edtica, para esta ele vai dar um tempo. Mas \u00e9 s\u00f3 um tempinho. Segundo o ex- vice-prefeito de Guilherme Menezes: &#8220;at\u00e9 2018 n\u00e3o praticarei a pol\u00edtica partid\u00e1ria. N\u00e3o deixarei de ser pol\u00edtico, porque isso ningu\u00e9m consegue&#8221;.<!--more--><\/p>\n<p>xxxxxxxxxx<br \/>\nJo\u00e1s Meira teve ao seu lado,\u00a0 debatendo o cen\u00e1rio nacional e principalmente o local , Lid\u00edce Felix, uma das mais atuantes mulheres da pol\u00edtica Conquistense. O confronto foi saud\u00e1vel e civilizado. Houve muito consenso, inclusive.<\/p>\n<p>xxxxxxxxxxxxx<br \/>\nPerguntei ao m\u00e9dico se ele teria sido convidado pelo PT para fazer oposi\u00e7\u00e3o ao governo Herzem e ele disse que n\u00e3o. &#8220;Estarei torcendo para o governo dele dar certo. J\u00e1 falei isso pra ele pessoalmente e reitero aqui.<br \/>\n\u00c9 muito cedo para avaliarmos\u00a0 o governo dele, temos que ter paci\u00eancia, seis meses pelo menos&#8221;, afirmou.<\/p>\n<p>xxxxxxxxxxxx<br \/>\nL\u00eddice considerou que o governo do PT foi p\u00edfio, sem express\u00e3o e que &#8220;copiou os grandes projetos deixados por Pedral. Voc\u00ea \u00e9 uma pessoa querida e respeitada em Conquista, Jo\u00e1s,\u00a0 mas errou em acompanhar o PT&#8221;, disse a ativista.<\/p>\n<p>xxxxxxxxxx<br \/>\nDiante da insatisfa\u00e7\u00e3o de parte da popula\u00e7\u00e3o em rela\u00e7\u00e3o ao Partido dos Trabalhadores, membros da agremia\u00e7\u00e3o est\u00e3o pregando mudan\u00e7as profundas. Querem que retorne as suas origens. O vereador por S\u00e3o Paulo Eduardo Suplicy e Frei Beto s\u00e3o vozes inquietas no ninho das estrelas. Pedem, inclusive, auto-cr\u00edtica.<\/p>\n<p>xxxxxxxxxxxx<br \/>\nAqui no Sudoeste da Bahia as vozes dos deputados Jos\u00e9 Raimundo e Waldenor Pereira amplificam o volume em defesa do partido liderado por Lula a n\u00edvel nacional. Aqui em Conquista j\u00e1 esbo\u00e7am posicionar-se na trincheira de oposi\u00e7\u00e3o ao governo de Herzem. S\u00f3 esperam o caminhar da carruagem. Ver o seu norte.<\/p>\n<p>xxxxxxxxxxx<br \/>\nCom o PSB n\u00e3o contam, pelo menos para atuar em conjunto, segundo o pr\u00f3prio Jo\u00e1s. Deve contar com o PCdoB, talvez. Embora o partido comunista j\u00e1 est\u00e1 bastante definido com a pol\u00edtica local. N\u00e3o quer ser mais coadjuvante. As \u00faltimas elei\u00e7\u00f5es municipais deixaram claro isso.<\/p>\n<p>Xxxxxxxxxxx<br \/>\nO fortalecimento do PT junto ao governo Rui Costa passaria ou passar\u00e1 pela indica\u00e7\u00e3o do nome do ex-prefeito Guilherme para uma das secretarias. J\u00e1 houve as primeiras mudan\u00e7as e o nome\u00a0 de Menezes n\u00e3o constou na lista.<\/p>\n<p>xxxxxxxxxxxxxx<br \/>\nManoel Gusm\u00e3o, um dos respons\u00e1veis pelo Grupo Liberta Conquista e Amigos da Solidariedade est\u00e1 apostando no sucesso do governo do PMDB, acredita que a gest\u00e3o de Herzem e Irma vai caminhar com os bairros perif\u00e9ricos.<br \/>\nTamb\u00e9m no Programa Agito Geral ele disse que o seu trabalho e dos seus colegas de grupo vai continuar em prol, principalmente do bairro Patag\u00f4nia, aonde atuam mais diretamente.<\/p>\n<p>xxxxxxxxxx<br \/>\nA equipe do governo de Herzem est\u00e1 vibrando com o trabalho apresentado por t\u00e9cnicos da prefeitura em rela\u00e7\u00e3o ao projeto do terminal da Lauro de Freitas. &#8220;Gostei muito. J\u00e1 iremos tomar as primeiras provid\u00eancias para a execu\u00e7\u00e3o da obra. O nosso chefe do Gabinete C\u00edvil, Marcos Ferreira, j\u00e1 dever\u00e1 encaminhar o processo licitat\u00f3rio&#8221;, disse o prefeito.<\/p>\n<p>xxxxxxxxxxx<br \/>\nOntem o calor em Conquista foi insuport\u00e1vel. Segundo os mais antigos &#8220;pegou fogo&#8221;. A popula\u00e7\u00e3o deve continuar atenta. Economizar \u00e1gua \u00e9 mais do que preciso.<\/p>\n<p>xxxxxxxxxxxx<br \/>\nO jornalista S\u00e9rgio Fonseca, ex-Jornal A Tarde, esteve acompanhando Lidice Felix ao nosso programa. Usou da palavra. Foi discreto. Quase monoss\u00edlabo. Mas sabe muito, inclusive, da nossa hist\u00f3ria pol\u00edtica, da d\u00e9cada de 80. Ele est\u00e1 impressionado com o desenvolvimento da cidade. Mas foi econ\u00f4mico nas palavras. Mas ele volta.<\/p>\n<p>xxxxxxxxxxxxxxx<br \/>\nProfissionais do Hospital Samur querem que a prefeitura veja com carinho se as mudan\u00e7as previstas para o tr\u00e2nsito na Av. Bartolomeu Gusm\u00e3o s\u00e3o acertadas. Principalmente na rotat\u00f3ria.<\/p>\n<p>xxxxxxxxxxxxxx<br \/>\nA popula\u00e7\u00e3o\u00a0 Conquistense est\u00e1 batendo palmas para a secretaria de Servi\u00e7os P\u00fablicos em rela\u00e7\u00e3o a limpeza nas pra\u00e7as e canteiros da cidade. \u00c9 muita coisa por fazer. A cidade \u00e9 grande<\/p>\n<p>xxxxxxxxxxxxx<br \/>\nO ex-secret\u00e1rio do Meio Ambiente, Carlos Teles, respons\u00e1vel por cuidar das pra\u00e7as e jardins, j\u00e1 sofria com a situa\u00e7\u00e3o. Ele queria dotar a cidade de mais verde, mas n\u00e3o dispunha de material humano.<br \/>\nxxxxxxxxxxxx<\/p>\n","protected":false},"excerpt":{"rendered":"<p>CURTINHAS! O m\u00e9dico e pol\u00edtico Jo\u00e1s Meira esteve ontem no nosso programa Agito Geral falando dos\u00a0 pr\u00f3ximos passos junto \u00e0 comunidade Conquistense. xxxxxxxxxxx Em primeiro lugar vai ficar muito mais pr\u00f3ximo da fam\u00edlia, \u00e9 prioridade; retorna para a medicina, vai cuidar, portanto, da sua vida profissional, ali\u00e1s,\u00a0 j\u00e1 est\u00e1 atuando no Hospital de Base, onde [&hellip;]<\/p>\n","protected":false},"author":3,"featured_media":6679,"comment_status":"open","ping_status":"open","sticky":false,"template":"","format":"standard","meta":[],"categories":[1271,7,1],"tags":[216,1017],"_links":{"self":[{"href":"https:\/\/www.blogdomassinha.com.br\/v1\/wp-json\/wp\/v2\/posts\/6678"}],"collection":[{"href":"https:\/\/www.blogdomassinha.com.br\/v1\/wp-json\/wp\/v2\/posts"}],"about":[{"href":"https:\/\/www.blogdomassinha.com.br\/v1\/wp-json\/wp\/v2\/types\/post"}],"author":[{"embeddable":true,"href":"https:\/\/www.blogdomassinha.com.br\/v1\/wp-json\/wp\/v2\/users\/3"}],"replies":[{"embeddable":true,"href":"https:\/\/www.blogdomassinha.com.br\/v1\/wp-json\/wp\/v2\/comments?post=6678"}],"version-history":[{"count":5,"href":"https:\/\/www.blogdomassinha.com.br\/v1\/wp-json\/wp\/v2\/posts\/6678\/revisions"}],"predecessor-version":[{"id":6684,"href":"https:\/\/www.blogdomassinha.com.br\/v1\/wp-json\/wp\/v2\/posts\/6678\/revisions\/6684"}],"wp:featuredmedia":[{"embeddable":true,"href":"https:\/\/www.blogdomassinha.com.br\/v1\/wp-json\/wp\/v2\/media\/6679"}],"wp:attachment":[{"href":"https:\/\/www.blogdomassinha.com.br\/v1\/wp-json\/wp\/v2\/media?parent=6678"}],"wp:term":[{"taxonomy":"category","embeddable":true,"href":"https:\/\/www.blogdomassinha.com.br\/v1\/wp-json\/wp\/v2\/categories?post=6678"},{"taxonomy":"post_tag","embeddable":true,"href":"https:\/\/www.blogdomassinha.com.br\/v1\/wp-json\/wp\/v2\/tags?post=6678"}],"curies":[{"name":"wp","href":"https:\/\/api.w.org\/{rel}","templated":true}]}}