{"id":6675,"date":"2017-01-24T11:55:12","date_gmt":"2017-01-24T14:55:12","guid":{"rendered":"http:\/\/www.blogdomassinha.com.br\/v1\/?p=6675"},"modified":"2017-01-24T11:55:12","modified_gmt":"2017-01-24T14:55:12","slug":"conquista-luis-carlos-dude-e-o-convidado-desta-terca-24-no-agito-geral","status":"publish","type":"post","link":"https:\/\/www.blogdomassinha.com.br\/v1\/2017\/01\/24\/conquista-luis-carlos-dude-e-o-convidado-desta-terca-24-no-agito-geral\/","title":{"rendered":"Conquista: Lu\u00eds Carlos Dud\u00e9 \u00e9 o convidado desta ter\u00e7a (24) no Agito Geral"},"content":{"rendered":"<div id=\"attachment_6676\" style=\"width: 510px\" class=\"wp-caption aligncenter\"><a href=\"http:\/\/www.blogdomassinha.com.br\/v1\/wp-content\/uploads\/2017\/01\/Dud\u00e9.jpg\" class=\"gallery_colorbox\"><img aria-describedby=\"caption-attachment-6676\" loading=\"lazy\" class=\"wp-image-6676\" src=\"http:\/\/www.blogdomassinha.com.br\/v1\/wp-content\/uploads\/2017\/01\/Dud\u00e9.jpg\"  alt=\"Dud\u00e9\" width=\"500\" height=\"430\" srcset=\"https:\/\/www.blogdomassinha.com.br\/v1\/wp-content\/uploads\/2017\/01\/Dud\u00e9.jpg 523w, https:\/\/www.blogdomassinha.com.br\/v1\/wp-content\/uploads\/2017\/01\/Dud\u00e9-300x258.jpg 300w\" sizes=\"(max-width: 500px) 100vw, 500px\" \/><\/a><p id=\"caption-attachment-6676\" class=\"wp-caption-text\"><strong>Foto: Conquista News<\/strong><\/p><\/div>\n<p style=\"text-align: justify;\">Daqui a pouco, ao meio dia, tem o programa Agito Geral, na Melodia FM (87,9). O convidado desta ter\u00e7a-feira (24) \u00e9 o l\u00edder do prefeito na C\u00e2mara Municipal de Vit\u00f3ria da Conquista, o vereador Lu\u00eds Carlos Dud\u00e9 , do PDT.<\/p>\n<p style=\"text-align: justify;\">O entrevistado abordar\u00e1 sobre v\u00e1rios temas, inclusive, sobre o projeto que foi definido para o novo Terminal da Avenida Lauro de Freitas.<\/p>\n<p style=\"text-align: justify;\">Ent\u00e3o, fique ligado! Isso e muito mais daqui a pouquinho no Agito Geral.<\/p>\n","protected":false},"excerpt":{"rendered":"<p>Daqui a pouco, ao meio dia, tem o programa Agito Geral, na Melodia FM (87,9). O convidado desta ter\u00e7a-feira (24) \u00e9 o l\u00edder do prefeito na C\u00e2mara Municipal de Vit\u00f3ria da Conquista, o vereador Lu\u00eds Carlos Dud\u00e9 , do PDT. O entrevistado abordar\u00e1 sobre v\u00e1rios temas, inclusive, sobre o projeto que foi definido para o [&hellip;]<\/p>\n","protected":false},"author":3,"featured_media":6676,"comment_status":"open","ping_status":"open","sticky":false,"template":"","format":"standard","meta":[],"categories":[7,6],"tags":[849,1197,847,15],"_links":{"self":[{"href":"https:\/\/www.blogdomassinha.com.br\/v1\/wp-json\/wp\/v2\/posts\/6675"}],"collection":[{"href":"https:\/\/www.blogdomassinha.com.br\/v1\/wp-json\/wp\/v2\/posts"}],"about":[{"href":"https:\/\/www.blogdomassinha.com.br\/v1\/wp-json\/wp\/v2\/types\/post"}],"author":[{"embeddable":true,"href":"https:\/\/www.blogdomassinha.com.br\/v1\/wp-json\/wp\/v2\/users\/3"}],"replies":[{"embeddable":true,"href":"https:\/\/www.blogdomassinha.com.br\/v1\/wp-json\/wp\/v2\/comments?post=6675"}],"version-history":[{"count":1,"href":"https:\/\/www.blogdomassinha.com.br\/v1\/wp-json\/wp\/v2\/posts\/6675\/revisions"}],"predecessor-version":[{"id":6677,"href":"https:\/\/www.blogdomassinha.com.br\/v1\/wp-json\/wp\/v2\/posts\/6675\/revisions\/6677"}],"wp:featuredmedia":[{"embeddable":true,"href":"https:\/\/www.blogdomassinha.com.br\/v1\/wp-json\/wp\/v2\/media\/6676"}],"wp:attachment":[{"href":"https:\/\/www.blogdomassinha.com.br\/v1\/wp-json\/wp\/v2\/media?parent=6675"}],"wp:term":[{"taxonomy":"category","embeddable":true,"href":"https:\/\/www.blogdomassinha.com.br\/v1\/wp-json\/wp\/v2\/categories?post=6675"},{"taxonomy":"post_tag","embeddable":true,"href":"https:\/\/www.blogdomassinha.com.br\/v1\/wp-json\/wp\/v2\/tags?post=6675"}],"curies":[{"name":"wp","href":"https:\/\/api.w.org\/{rel}","templated":true}]}}