{"id":6671,"date":"2017-01-23T16:16:07","date_gmt":"2017-01-23T19:16:07","guid":{"rendered":"http:\/\/www.blogdomassinha.com.br\/v1\/?p=6671"},"modified":"2017-01-23T16:16:07","modified_gmt":"2017-01-23T19:16:07","slug":"conquista-prefeitura-esclarece-falta-de-algumas-doses-da-vacina-de-febre-amarela-no-inicio-dessa-manha","status":"publish","type":"post","link":"https:\/\/www.blogdomassinha.com.br\/v1\/2017\/01\/23\/conquista-prefeitura-esclarece-falta-de-algumas-doses-da-vacina-de-febre-amarela-no-inicio-dessa-manha\/","title":{"rendered":"Conquista: Prefeitura esclarece falta de algumas doses da vacina de febre amarela no in\u00edcio dessa manh\u00e3"},"content":{"rendered":"<p><strong>Por Blog do Massinha<\/strong><\/p>\n<p>A administra\u00e7\u00e3o municipal esclareceu o motivo de ter faltado doses da vacina de febre amarela em algumas unidades de sa\u00fade na manh\u00e3 dessa segunda-feira (20). Segundo a Prefeitura, houve um\u00a0<span style=\"font-weight: 400;\">atraso na log\u00edstica de distribui\u00e7\u00e3o das doses para as unidades. Por isso, quem foi logo cedo ao posto de sa\u00fade n\u00e3o encontrou a vacina.<\/span><\/p>\n<p><strong>Confira a nota oficial:<\/strong><\/p>\n<p><a href=\"http:\/\/www.blogdomassinha.com.br\/v1\/wp-content\/uploads\/2017\/01\/Sem-t\u00edtulo.jpg\" class=\"gallery_colorbox\"><img loading=\"lazy\" class=\"aligncenter size-full wp-image-6672\" src=\"http:\/\/www.blogdomassinha.com.br\/v1\/wp-content\/uploads\/2017\/01\/Sem-t\u00edtulo.jpg\"  alt=\"Sem t\u00edtulo\" width=\"597\" height=\"469\" srcset=\"https:\/\/www.blogdomassinha.com.br\/v1\/wp-content\/uploads\/2017\/01\/Sem-t\u00edtulo.jpg 597w, https:\/\/www.blogdomassinha.com.br\/v1\/wp-content\/uploads\/2017\/01\/Sem-t\u00edtulo-300x236.jpg 300w\" sizes=\"(max-width: 597px) 100vw, 597px\" \/><\/a><\/p>\n<p>&nbsp;<\/p>\n","protected":false},"excerpt":{"rendered":"<p>Por Blog do Massinha A administra\u00e7\u00e3o municipal esclareceu o motivo de ter faltado doses da vacina de febre amarela em algumas unidades de sa\u00fade na manh\u00e3 dessa segunda-feira (20). Segundo a Prefeitura, houve um\u00a0atraso na log\u00edstica de distribui\u00e7\u00e3o das doses para as unidades. Por isso, quem foi logo cedo ao posto de sa\u00fade n\u00e3o encontrou [&hellip;]<\/p>\n","protected":false},"author":3,"featured_media":6673,"comment_status":"open","ping_status":"open","sticky":false,"template":"","format":"standard","meta":[],"categories":[7,1],"tags":[44,1196,446,15],"_links":{"self":[{"href":"https:\/\/www.blogdomassinha.com.br\/v1\/wp-json\/wp\/v2\/posts\/6671"}],"collection":[{"href":"https:\/\/www.blogdomassinha.com.br\/v1\/wp-json\/wp\/v2\/posts"}],"about":[{"href":"https:\/\/www.blogdomassinha.com.br\/v1\/wp-json\/wp\/v2\/types\/post"}],"author":[{"embeddable":true,"href":"https:\/\/www.blogdomassinha.com.br\/v1\/wp-json\/wp\/v2\/users\/3"}],"replies":[{"embeddable":true,"href":"https:\/\/www.blogdomassinha.com.br\/v1\/wp-json\/wp\/v2\/comments?post=6671"}],"version-history":[{"count":1,"href":"https:\/\/www.blogdomassinha.com.br\/v1\/wp-json\/wp\/v2\/posts\/6671\/revisions"}],"predecessor-version":[{"id":6674,"href":"https:\/\/www.blogdomassinha.com.br\/v1\/wp-json\/wp\/v2\/posts\/6671\/revisions\/6674"}],"wp:featuredmedia":[{"embeddable":true,"href":"https:\/\/www.blogdomassinha.com.br\/v1\/wp-json\/wp\/v2\/media\/6673"}],"wp:attachment":[{"href":"https:\/\/www.blogdomassinha.com.br\/v1\/wp-json\/wp\/v2\/media?parent=6671"}],"wp:term":[{"taxonomy":"category","embeddable":true,"href":"https:\/\/www.blogdomassinha.com.br\/v1\/wp-json\/wp\/v2\/categories?post=6671"},{"taxonomy":"post_tag","embeddable":true,"href":"https:\/\/www.blogdomassinha.com.br\/v1\/wp-json\/wp\/v2\/tags?post=6671"}],"curies":[{"name":"wp","href":"https:\/\/api.w.org\/{rel}","templated":true}]}}