{"id":6646,"date":"2017-01-22T14:27:04","date_gmt":"2017-01-22T17:27:04","guid":{"rendered":"http:\/\/www.blogdomassinha.com.br\/v1\/?p=6646"},"modified":"2017-01-22T14:27:04","modified_gmt":"2017-01-22T17:27:04","slug":"carnaval-2017-ivete-vai-passar-por-varias-alas-durante-desfile-da-grande-rio","status":"publish","type":"post","link":"https:\/\/www.blogdomassinha.com.br\/v1\/2017\/01\/22\/carnaval-2017-ivete-vai-passar-por-varias-alas-durante-desfile-da-grande-rio\/","title":{"rendered":"Carnaval 2017: Ivete vai passar por v\u00e1rias alas durante desfile da Grande Rio"},"content":{"rendered":"<div id=\"attachment_6647\" style=\"width: 460px\" class=\"wp-caption aligncenter\"><a href=\"http:\/\/www.blogdomassinha.com.br\/v1\/wp-content\/uploads\/2017\/01\/RTEmagicC_ivete_aloalo.jpg.jpg\" class=\"gallery_colorbox\"><img aria-describedby=\"caption-attachment-6647\" loading=\"lazy\" class=\"wp-image-6647\" src=\"http:\/\/www.blogdomassinha.com.br\/v1\/wp-content\/uploads\/2017\/01\/RTEmagicC_ivete_aloalo.jpg.jpg\"  alt=\"RTEmagicC_ivete_aloalo.jpg\" width=\"450\" height=\"325\" srcset=\"https:\/\/www.blogdomassinha.com.br\/v1\/wp-content\/uploads\/2017\/01\/RTEmagicC_ivete_aloalo.jpg.jpg 620w, https:\/\/www.blogdomassinha.com.br\/v1\/wp-content\/uploads\/2017\/01\/RTEmagicC_ivete_aloalo.jpg-300x217.jpg 300w\" sizes=\"(max-width: 450px) 100vw, 450px\" \/><\/a><p id=\"caption-attachment-6647\" class=\"wp-caption-text\"><strong>(Foto: Reprodu\u00e7\u00e3o)<\/strong><\/p><\/div>\n<p>Para alegria dos cariocas, <a class=\"external-link-new-window\" title=\"Opens external link in new window\" href=\"http:\/\/www.correio24horas.com.br\/single-entretenimento\/noticia\/saiba-como-sera-o-desfile-de-ivete-sangalo-na-grande-rio-no-carnaval-de-2017\/?cHash=0514d6813fbb2c3d45f0544ea1d4d0bd\" target=\"_blank\">Ivete Sangalo ser\u00e1 homenageada pela escola de samba Grande Rio<\/a>, nesse Carnaval, e isso n\u00e3o \u00e9 novidade. Como enredo da agremia\u00e7\u00e3o, a artista estar\u00e1 na Sapuca\u00ed no dia 26 de fevereiro. A coluna soube, com exclusividade, de alguns detalhes dessa grande apresenta\u00e7\u00e3o.<\/p>\n<p>Para come\u00e7ar, Ivete n\u00e3o desfilar\u00e1 apenas em um carro aleg\u00f3rico, a ideia dela \u00e9 passar por diversas alas e carros, durante todo o percurso. Al\u00e9m disso, haver\u00e1 um carro onde estar\u00e1 presente grande parte da sua fam\u00edlia e de\u00a0 seus amigos.<!--more--><\/p>\n<p>Segundo o story board da apresenta\u00e7\u00e3o, ser\u00e3o ilustradas hist\u00f3rias da \u00e9poca que vivia em Juazeiro, com as rendeiras na beira do S\u00e3o Francisco, sua estreia na televis\u00e3o como apresentadora e participando de s\u00e9ries e novelas. Ainda haver\u00e1 a montagem de um \u201c Carro Velho\u201d, fazendo refer\u00eancia a uma das m\u00fasicas de maior sucesso, no come\u00e7o de sua carreira. Depois do desfile, ela tamb\u00e9m vai comandar um show no Camarote da Grande Rio. <strong>(Por Rafael Freitas &#8211; Correio da Bahia)<\/strong><\/p>\n","protected":false},"excerpt":{"rendered":"<p>Para alegria dos cariocas, Ivete Sangalo ser\u00e1 homenageada pela escola de samba Grande Rio, nesse Carnaval, e isso n\u00e3o \u00e9 novidade. Como enredo da agremia\u00e7\u00e3o, a artista estar\u00e1 na Sapuca\u00ed no dia 26 de fevereiro. A coluna soube, com exclusividade, de alguns detalhes dessa grande apresenta\u00e7\u00e3o. Para come\u00e7ar, Ivete n\u00e3o desfilar\u00e1 apenas em um carro [&hellip;]<\/p>\n","protected":false},"author":3,"featured_media":6647,"comment_status":"open","ping_status":"open","sticky":false,"template":"","format":"standard","meta":[],"categories":[7,1],"tags":[1190,883,56,1189],"_links":{"self":[{"href":"https:\/\/www.blogdomassinha.com.br\/v1\/wp-json\/wp\/v2\/posts\/6646"}],"collection":[{"href":"https:\/\/www.blogdomassinha.com.br\/v1\/wp-json\/wp\/v2\/posts"}],"about":[{"href":"https:\/\/www.blogdomassinha.com.br\/v1\/wp-json\/wp\/v2\/types\/post"}],"author":[{"embeddable":true,"href":"https:\/\/www.blogdomassinha.com.br\/v1\/wp-json\/wp\/v2\/users\/3"}],"replies":[{"embeddable":true,"href":"https:\/\/www.blogdomassinha.com.br\/v1\/wp-json\/wp\/v2\/comments?post=6646"}],"version-history":[{"count":1,"href":"https:\/\/www.blogdomassinha.com.br\/v1\/wp-json\/wp\/v2\/posts\/6646\/revisions"}],"predecessor-version":[{"id":6648,"href":"https:\/\/www.blogdomassinha.com.br\/v1\/wp-json\/wp\/v2\/posts\/6646\/revisions\/6648"}],"wp:featuredmedia":[{"embeddable":true,"href":"https:\/\/www.blogdomassinha.com.br\/v1\/wp-json\/wp\/v2\/media\/6647"}],"wp:attachment":[{"href":"https:\/\/www.blogdomassinha.com.br\/v1\/wp-json\/wp\/v2\/media?parent=6646"}],"wp:term":[{"taxonomy":"category","embeddable":true,"href":"https:\/\/www.blogdomassinha.com.br\/v1\/wp-json\/wp\/v2\/categories?post=6646"},{"taxonomy":"post_tag","embeddable":true,"href":"https:\/\/www.blogdomassinha.com.br\/v1\/wp-json\/wp\/v2\/tags?post=6646"}],"curies":[{"name":"wp","href":"https:\/\/api.w.org\/{rel}","templated":true}]}}