{"id":6511,"date":"2017-01-11T20:23:24","date_gmt":"2017-01-11T23:23:24","guid":{"rendered":"http:\/\/www.blogdomassinha.com.br\/v1\/?p=6511"},"modified":"2017-01-11T20:23:24","modified_gmt":"2017-01-11T23:23:24","slug":"musica-ivete-sangalo-confirma-participacao-em-ensaios-de-verao","status":"publish","type":"post","link":"https:\/\/www.blogdomassinha.com.br\/v1\/2017\/01\/11\/musica-ivete-sangalo-confirma-participacao-em-ensaios-de-verao\/","title":{"rendered":"M\u00fasica: Ivete Sangalo confirma participa\u00e7\u00e3o em ensaios de ver\u00e3o"},"content":{"rendered":"<div id=\"attachment_6512\" style=\"width: 462px\" class=\"wp-caption aligncenter\"><a href=\"http:\/\/www.blogdomassinha.com.br\/v1\/wp-content\/uploads\/2017\/01\/Ivete-Sangalo.jpg\" class=\"gallery_colorbox\"><img aria-describedby=\"caption-attachment-6512\" loading=\"lazy\" class=\"wp-image-6512 size-full\" src=\"http:\/\/www.blogdomassinha.com.br\/v1\/wp-content\/uploads\/2017\/01\/Ivete-Sangalo.jpg\"  alt=\"Ivete Sangalo\" width=\"452\" height=\"462\" srcset=\"https:\/\/www.blogdomassinha.com.br\/v1\/wp-content\/uploads\/2017\/01\/Ivete-Sangalo.jpg 452w, https:\/\/www.blogdomassinha.com.br\/v1\/wp-content\/uploads\/2017\/01\/Ivete-Sangalo-294x300.jpg 294w\" sizes=\"(max-width: 452px) 100vw, 452px\" \/><\/a><p id=\"caption-attachment-6512\" class=\"wp-caption-text\"><strong>Foto: Divulga\u00e7\u00e3o <\/strong><\/p><\/div>\n<p style=\"text-align: justify;\">A cantora Ivete Sangalo, que se divide entre shows, agenda do The Voice Kids e prepara\u00e7\u00e3o para o Carnaval, vai marcar presen\u00e7a tamb\u00e9m em ensaios de ver\u00e3o na capital baiana.<\/p>\n<p style=\"text-align: justify;\">Na pr\u00f3xima quinta-feira (12), Ivete divide o palco com Rode Torres no ensaio do cantor baiano na Casa Almendra, Rio Vermelho. J\u00e1 na sexta (13), \u00e9 a vez de Ivete cantar com L\u00e9o Santana, no Baile da Santinha. A festa acontece no Wet&#8217;n Wild, na Avenida Paralela. No s\u00e1bado (14) Ivete viaja para Guarapari (ES) onde comanda um show. J\u00e1 na segunda-feira (16) \u00e9 a convidada da Melhor Segunda-Feira do Mundo, ensaio da banda Harmonia do Samba, no est\u00e1dio de Pitua\u00e7u, tamb\u00e9m na Avenida Paralela. <strong>(Fonte: Ascom IESSI)<\/strong><\/p>\n","protected":false},"excerpt":{"rendered":"<p>A cantora Ivete Sangalo, que se divide entre shows, agenda do The Voice Kids e prepara\u00e7\u00e3o para o Carnaval, vai marcar presen\u00e7a tamb\u00e9m em ensaios de ver\u00e3o na capital baiana. Na pr\u00f3xima quinta-feira (12), Ivete divide o palco com Rode Torres no ensaio do cantor baiano na Casa Almendra, Rio Vermelho. J\u00e1 na sexta (13), [&hellip;]<\/p>\n","protected":false},"author":3,"featured_media":6512,"comment_status":"open","ping_status":"open","sticky":false,"template":"","format":"standard","meta":[],"categories":[7,3],"tags":[935,1158,56],"_links":{"self":[{"href":"https:\/\/www.blogdomassinha.com.br\/v1\/wp-json\/wp\/v2\/posts\/6511"}],"collection":[{"href":"https:\/\/www.blogdomassinha.com.br\/v1\/wp-json\/wp\/v2\/posts"}],"about":[{"href":"https:\/\/www.blogdomassinha.com.br\/v1\/wp-json\/wp\/v2\/types\/post"}],"author":[{"embeddable":true,"href":"https:\/\/www.blogdomassinha.com.br\/v1\/wp-json\/wp\/v2\/users\/3"}],"replies":[{"embeddable":true,"href":"https:\/\/www.blogdomassinha.com.br\/v1\/wp-json\/wp\/v2\/comments?post=6511"}],"version-history":[{"count":1,"href":"https:\/\/www.blogdomassinha.com.br\/v1\/wp-json\/wp\/v2\/posts\/6511\/revisions"}],"predecessor-version":[{"id":6513,"href":"https:\/\/www.blogdomassinha.com.br\/v1\/wp-json\/wp\/v2\/posts\/6511\/revisions\/6513"}],"wp:featuredmedia":[{"embeddable":true,"href":"https:\/\/www.blogdomassinha.com.br\/v1\/wp-json\/wp\/v2\/media\/6512"}],"wp:attachment":[{"href":"https:\/\/www.blogdomassinha.com.br\/v1\/wp-json\/wp\/v2\/media?parent=6511"}],"wp:term":[{"taxonomy":"category","embeddable":true,"href":"https:\/\/www.blogdomassinha.com.br\/v1\/wp-json\/wp\/v2\/categories?post=6511"},{"taxonomy":"post_tag","embeddable":true,"href":"https:\/\/www.blogdomassinha.com.br\/v1\/wp-json\/wp\/v2\/tags?post=6511"}],"curies":[{"name":"wp","href":"https:\/\/api.w.org\/{rel}","templated":true}]}}