{"id":6443,"date":"2017-01-06T12:47:41","date_gmt":"2017-01-06T15:47:41","guid":{"rendered":"http:\/\/www.blogdomassinha.com.br\/v1\/?p=6443"},"modified":"2017-01-06T12:47:41","modified_gmt":"2017-01-06T15:47:41","slug":"conquista-divida-da-emurc-seria-de-r-36-milhoes-diz-jose-william","status":"publish","type":"post","link":"https:\/\/www.blogdomassinha.com.br\/v1\/2017\/01\/06\/conquista-divida-da-emurc-seria-de-r-36-milhoes-diz-jose-william\/","title":{"rendered":"Conquista: D\u00edvida da Emurc seria de R$ 36 milh\u00f5es, diz  Jos\u00e9 William"},"content":{"rendered":"<div id=\"attachment_104331\" style=\"width: 511px\" class=\"wp-caption aligncenter\"><a href=\"http:\/\/www.pmvc.ba.gov.br\/wp-content\/uploads\/SC2_3736-copy.jpg\" class=\"gallery_colorbox\"><img aria-describedby=\"caption-attachment-104331\" loading=\"lazy\" class=\"wp-image-104331\" src=\"http:\/\/www.pmvc.ba.gov.br\/wp-content\/uploads\/SC2_3736-copy-600x399.jpg\"  sizes=\"(max-width: 600px) 100vw, 600px\" srcset=\"http:\/\/www.pmvc.ba.gov.br\/wp-content\/uploads\/SC2_3736-copy-600x399.jpg 600w, http:\/\/www.pmvc.ba.gov.br\/wp-content\/uploads\/SC2_3736-copy-200x133.jpg 200w, http:\/\/www.pmvc.ba.gov.br\/wp-content\/uploads\/SC2_3736-copy-768x512.jpg 768w, http:\/\/www.pmvc.ba.gov.br\/wp-content\/uploads\/SC2_3736-copy-1020x680.jpg 1020w, http:\/\/www.pmvc.ba.gov.br\/wp-content\/uploads\/SC2_3736-copy.jpg 1200w\" alt=\"sc2_3736-copy\" width=\"501\" height=\"333\" \/><\/a><p id=\"caption-attachment-104331\" class=\"wp-caption-text\"><strong>Foto: Site PMVC<\/strong><\/p><\/div>\n<p style=\"text-align: justify;\">Quatro dias ap\u00f3s assumir a cadeira de diretor-presidente da Empresa Municipal de Urbaniza\u00e7\u00e3o de Vit\u00f3ria da Conquista (Emurc), Jos\u00e9 William Nunes, falou \u00e0 imprensa na manh\u00e3 desta sexta, 6, sobre a real situa\u00e7\u00e3o da empresa. \u201cEstamos em uma situa\u00e7\u00e3o muito delicada. A Emurc est\u00e1 completamente quebrada. Se n\u00e3o fosse a determina\u00e7\u00e3o, o entusiasmo e a vontade de trabalhar, eu diria que a situa\u00e7\u00e3o \u00e9 de fal\u00eancia\u201d, revelou o diretor.<\/p>\n<p style=\"text-align: justify;\">De acordo os dados reunidos pela nova diretoria, a d\u00edvida atual da Emurc gira em torno dos R$ 36 milh\u00f5es, entre d\u00edvidas trabalhistas e d\u00e9bitos com fornecedores. \u201cUma d\u00edvida quase que impag\u00e1vel\u201d, destaca o novo diretor. \u201cA Emurc n\u00e3o disp\u00f5e de cr\u00e9dito atualmente para comprar um parafuso sequer e, como se n\u00e3o bastasse, a gest\u00e3o anterior n\u00e3o pagou o sal\u00e1rio de dezembro\u201d, detalhou.<!--more--><\/p>\n<p style=\"text-align: justify;\">Jos\u00e9 William ainda relatou que o patrim\u00f4nio da Emurc \u201cfoi dilapidado\u201d: a antiga sede n\u00e3o pertence mais \u00e0 empresa, os loteamentos foram repassados para terceiros e as m\u00e1quinas e equipamentos est\u00e3o sucateadas. \u201cNem fardamento nossos funcion\u00e1rios t\u00eam. Est\u00e3o todos sem equipamentos\u201d, afirma.<\/p>\n<p style=\"text-align: justify;\">A situa\u00e7\u00e3o \u00e9 lament\u00e1vel para uma empresa p\u00fablica, criada em 1977, que, ao longo da sua exist\u00eancia, vem contribuindo muito para o crescimento e desenvolvimento da cidade, executando obras importantes como a\u00a0pavimenta\u00e7\u00e3o de ruas, constru\u00e7\u00e3o de postos de sa\u00fade, creches e escolas.<\/p>\n<figure id=\"attachment_104329\" class=\"wp-caption aligncenter\" style=\"width: 509px; text-align: justify;\"><a href=\"http:\/\/www.pmvc.ba.gov.br\/wp-content\/uploads\/SC2_3761-copy.jpg\" class=\"gallery_colorbox\"><img loading=\"lazy\" class=\"wp-image-104329 \" src=\"http:\/\/www.pmvc.ba.gov.br\/wp-content\/uploads\/SC2_3761-copy-600x399.jpg\"  sizes=\"(max-width: 600px) 100vw, 600px\" srcset=\"http:\/\/www.pmvc.ba.gov.br\/wp-content\/uploads\/SC2_3761-copy-600x399.jpg 600w, http:\/\/www.pmvc.ba.gov.br\/wp-content\/uploads\/SC2_3761-copy-200x133.jpg 200w, http:\/\/www.pmvc.ba.gov.br\/wp-content\/uploads\/SC2_3761-copy-768x512.jpg 768w, http:\/\/www.pmvc.ba.gov.br\/wp-content\/uploads\/SC2_3761-copy-1020x680.jpg 1020w, http:\/\/www.pmvc.ba.gov.br\/wp-content\/uploads\/SC2_3761-copy.jpg 1200w\" alt=\"sc2_3761-copy\" width=\"499\" height=\"332\" \/><\/a><figcaption class=\"wp-caption-text\"><strong>Atualmente, a Emurc conta com 217 funcion\u00e1rios.<\/strong><\/figcaption><\/figure>\n<p><strong>Nova usina<\/strong> \u2013 Segundo o diretor, a nova usina asf\u00e1ltica, adquirida pela gest\u00e3o anterior, est\u00e1 impossibilidade de operar. \u201cN\u00e3o dispomos de insumos, que s\u00e3o caros, n\u00e3o temos areia, as jazidas j\u00e1 n\u00e3o existem mais e, al\u00e9m disso, o local em que ela est\u00e1 instalada depende de energia, que precisa de um projeto e da instala\u00e7\u00e3o de um gerador, que n\u00e3o \u00e9 barato\u201d, conta.<\/p>\n<p style=\"text-align: justify;\"><strong>For\u00e7a pol\u00edtica<\/strong> \u2013 Diante da situa\u00e7\u00e3o de dificuldade, o diretor-presidente falou que j\u00e1 est\u00e1, junto com a Prefeitura Municipal, buscando formas para enfrentar esse cen\u00e1rio e reverter a situa\u00e7\u00e3o financeira da empresa.<\/p>\n<p style=\"text-align: justify;\">\u201cExiste uma determina\u00e7\u00e3o muito grande, por parte do prefeito Herzem Gusm\u00e3o. Ele est\u00e1 buscando recursos para fazer a Emurc voltar a funcionar e tamb\u00e9m estudando como destinar recursos pr\u00f3prios para a Emurc, mas isso depende dos mecanismos jur\u00eddicos para fazer tudo dentro da lei. Portanto, a for\u00e7a pol\u00edtica do nosso prefeito vai nos ajudar para que a gente possa renegociar as d\u00edvidas, mas isso requer tempo\u201d, confia. \u201cPedimos paci\u00eancia \u00e0 popula\u00e7\u00e3o para colocar as coisas em seu lugar\u201d, concluiu o novo gestor. <strong>(Fonte: Site PMVC)<\/strong><\/p>\n<p style=\"text-align: justify;\">Confira a\u00a0<a href=\"https:\/\/soundcloud.com\/pmvc2\/coletiva-com-jose-william-diretor-presidente-da-emurc\">entrevista concedida pelo diretor-presidente da Emurc, Jos\u00e9 William<\/a>.<\/p>\n","protected":false},"excerpt":{"rendered":"<p>Quatro dias ap\u00f3s assumir a cadeira de diretor-presidente da Empresa Municipal de Urbaniza\u00e7\u00e3o de Vit\u00f3ria da Conquista (Emurc), Jos\u00e9 William Nunes, falou \u00e0 imprensa na manh\u00e3 desta sexta, 6, sobre a real situa\u00e7\u00e3o da empresa. \u201cEstamos em uma situa\u00e7\u00e3o muito delicada. A Emurc est\u00e1 completamente quebrada. Se n\u00e3o fosse a determina\u00e7\u00e3o, o entusiasmo e a [&hellip;]<\/p>\n","protected":false},"author":3,"featured_media":6444,"comment_status":"open","ping_status":"open","sticky":false,"template":"","format":"standard","meta":[],"categories":[7,1,2,6],"tags":[1132,45,1133,446,31,15],"_links":{"self":[{"href":"https:\/\/www.blogdomassinha.com.br\/v1\/wp-json\/wp\/v2\/posts\/6443"}],"collection":[{"href":"https:\/\/www.blogdomassinha.com.br\/v1\/wp-json\/wp\/v2\/posts"}],"about":[{"href":"https:\/\/www.blogdomassinha.com.br\/v1\/wp-json\/wp\/v2\/types\/post"}],"author":[{"embeddable":true,"href":"https:\/\/www.blogdomassinha.com.br\/v1\/wp-json\/wp\/v2\/users\/3"}],"replies":[{"embeddable":true,"href":"https:\/\/www.blogdomassinha.com.br\/v1\/wp-json\/wp\/v2\/comments?post=6443"}],"version-history":[{"count":1,"href":"https:\/\/www.blogdomassinha.com.br\/v1\/wp-json\/wp\/v2\/posts\/6443\/revisions"}],"predecessor-version":[{"id":6445,"href":"https:\/\/www.blogdomassinha.com.br\/v1\/wp-json\/wp\/v2\/posts\/6443\/revisions\/6445"}],"wp:featuredmedia":[{"embeddable":true,"href":"https:\/\/www.blogdomassinha.com.br\/v1\/wp-json\/wp\/v2\/media\/6444"}],"wp:attachment":[{"href":"https:\/\/www.blogdomassinha.com.br\/v1\/wp-json\/wp\/v2\/media?parent=6443"}],"wp:term":[{"taxonomy":"category","embeddable":true,"href":"https:\/\/www.blogdomassinha.com.br\/v1\/wp-json\/wp\/v2\/categories?post=6443"},{"taxonomy":"post_tag","embeddable":true,"href":"https:\/\/www.blogdomassinha.com.br\/v1\/wp-json\/wp\/v2\/tags?post=6443"}],"curies":[{"name":"wp","href":"https:\/\/api.w.org\/{rel}","templated":true}]}}