{"id":6424,"date":"2017-01-06T07:07:11","date_gmt":"2017-01-06T10:07:11","guid":{"rendered":"http:\/\/www.blogdomassinha.com.br\/v1\/?p=6424"},"modified":"2017-01-06T07:09:51","modified_gmt":"2017-01-06T10:09:51","slug":"conquista-onildo-torce-pelo-sucesso-de-herzem-e-diz-que-o-pt-cansou","status":"publish","type":"post","link":"https:\/\/www.blogdomassinha.com.br\/v1\/2017\/01\/06\/conquista-onildo-torce-pelo-sucesso-de-herzem-e-diz-que-o-pt-cansou\/","title":{"rendered":"Conquista: Onildo torce pelo sucesso de Herzem e diz que o PT cansou"},"content":{"rendered":"<div id=\"attachment_6425\" style=\"width: 511px\" class=\"wp-caption aligncenter\"><a href=\"http:\/\/www.blogdomassinha.com.br\/v1\/wp-content\/uploads\/2017\/01\/Onildo.jpg\" class=\"gallery_colorbox\"><img aria-describedby=\"caption-attachment-6425\" loading=\"lazy\" class=\"wp-image-6425\" src=\"http:\/\/www.blogdomassinha.com.br\/v1\/wp-content\/uploads\/2017\/01\/Onildo.jpg\"  alt=\"onildo\" width=\"501\" height=\"335\" srcset=\"https:\/\/www.blogdomassinha.com.br\/v1\/wp-content\/uploads\/2017\/01\/Onildo.jpg 600w, https:\/\/www.blogdomassinha.com.br\/v1\/wp-content\/uploads\/2017\/01\/Onildo-300x201.jpg 300w\" sizes=\"(max-width: 501px) 100vw, 501px\" \/><\/a><p id=\"caption-attachment-6425\" class=\"wp-caption-text\"><strong>Foto: Blog do Anderson<\/strong><\/p><\/div>\n<p><strong>Por Blog do Massinha<\/strong><\/p>\n<p>Em entrevista concedida ao nosso programa Agito Geral ontem ao meio dia na 87,9, R\u00e1dio Melodia, o empres\u00e1rio Onildo Oliveira tratou de v\u00e1rios assuntos, inclusive, das suas expectativas em rela\u00e7\u00e3o ao governo Herzem Gusm\u00e3o que tomou posse ao lado de Irm\u00e3 Lemos, sua vice. &#8220;Eu e a cidade toda deve torcer e ajudar para que a gest\u00e3o de Herzem seja coberta de \u00eaxito. S\u00e3o vintes anos de um modelo administrativo que cansou. O PT n\u0101o tinha mais f\u00f4lego. Governava para si mesmo&#8221;, analisou o convidado.<\/p>\n<p>Perguntei tamb\u00e9m o que o prefeito Guilherme fez de bom e ele respondeu: &#8220;No primeiro mandato de Guilherme n\u00e3o podemos negar que ele \u00a0fez um bom mandato, principalmente no in\u00edcio quando \u00a0organizou a cidade que recebeu cheia de lixo. No segundo mandato executaram obras, copiaram projetos deixados por Pedral . Em seguida impediram que os empreendedores atuassem. A prefeitura era travada para os que sonhavam em empreender. A gente j\u00e1 observa as mudan\u00e7as. Fui \u00e0 Secretaria de Sa\u00fade, minha \u00e1rea, e n\u00e3o precisei falar meu nome para ser atendido \u00a0e resolver uma demanda simples junto \u00e0 secret\u00e1ria titular&#8221;, disse Onildo.<br \/>\n<!--more--><\/p>\n<p>&#8220;Na verdade n\u00e3o queremos facilidades, o cidad\u00e3o n\u00e3o quer benef\u00edcios pessoais, o que todos querem \u00e9 agilidade&#8221;, encerrou, Onildo<\/p>\n","protected":false},"excerpt":{"rendered":"<p>Por Blog do Massinha Em entrevista concedida ao nosso programa Agito Geral ontem ao meio dia na 87,9, R\u00e1dio Melodia, o empres\u00e1rio Onildo Oliveira tratou de v\u00e1rios assuntos, inclusive, das suas expectativas em rela\u00e7\u00e3o ao governo Herzem Gusm\u00e3o que tomou posse ao lado de Irm\u00e3 Lemos, sua vice. &#8220;Eu e a cidade toda deve torcer [&hellip;]<\/p>\n","protected":false},"author":3,"featured_media":6425,"comment_status":"open","ping_status":"open","sticky":false,"template":"","format":"standard","meta":[],"categories":[7,1,6],"tags":[849,1125,45,553,46,178,15],"_links":{"self":[{"href":"https:\/\/www.blogdomassinha.com.br\/v1\/wp-json\/wp\/v2\/posts\/6424"}],"collection":[{"href":"https:\/\/www.blogdomassinha.com.br\/v1\/wp-json\/wp\/v2\/posts"}],"about":[{"href":"https:\/\/www.blogdomassinha.com.br\/v1\/wp-json\/wp\/v2\/types\/post"}],"author":[{"embeddable":true,"href":"https:\/\/www.blogdomassinha.com.br\/v1\/wp-json\/wp\/v2\/users\/3"}],"replies":[{"embeddable":true,"href":"https:\/\/www.blogdomassinha.com.br\/v1\/wp-json\/wp\/v2\/comments?post=6424"}],"version-history":[{"count":6,"href":"https:\/\/www.blogdomassinha.com.br\/v1\/wp-json\/wp\/v2\/posts\/6424\/revisions"}],"predecessor-version":[{"id":6431,"href":"https:\/\/www.blogdomassinha.com.br\/v1\/wp-json\/wp\/v2\/posts\/6424\/revisions\/6431"}],"wp:featuredmedia":[{"embeddable":true,"href":"https:\/\/www.blogdomassinha.com.br\/v1\/wp-json\/wp\/v2\/media\/6425"}],"wp:attachment":[{"href":"https:\/\/www.blogdomassinha.com.br\/v1\/wp-json\/wp\/v2\/media?parent=6424"}],"wp:term":[{"taxonomy":"category","embeddable":true,"href":"https:\/\/www.blogdomassinha.com.br\/v1\/wp-json\/wp\/v2\/categories?post=6424"},{"taxonomy":"post_tag","embeddable":true,"href":"https:\/\/www.blogdomassinha.com.br\/v1\/wp-json\/wp\/v2\/tags?post=6424"}],"curies":[{"name":"wp","href":"https:\/\/api.w.org\/{rel}","templated":true}]}}