{"id":6414,"date":"2017-01-05T13:49:26","date_gmt":"2017-01-05T16:49:26","guid":{"rendered":"http:\/\/www.blogdomassinha.com.br\/v1\/?p=6414"},"modified":"2017-01-05T13:49:26","modified_gmt":"2017-01-05T16:49:26","slug":"ba-rede-estadual-de-ensino-inicia-as-aulas-em-fevereiro-veja-o-calendario","status":"publish","type":"post","link":"https:\/\/www.blogdomassinha.com.br\/v1\/2017\/01\/05\/ba-rede-estadual-de-ensino-inicia-as-aulas-em-fevereiro-veja-o-calendario\/","title":{"rendered":"BA: Rede estadual de ensino inicia as aulas em fevereiro; veja o calend\u00e1rio"},"content":{"rendered":"<div id=\"attachment_6415\" style=\"width: 460px\" class=\"wp-caption aligncenter\"><a href=\"http:\/\/www.blogdomassinha.com.br\/v1\/wp-content\/uploads\/2017\/01\/Capturar.jpg\" class=\"gallery_colorbox\"><img aria-describedby=\"caption-attachment-6415\" loading=\"lazy\" class=\"wp-image-6415\" src=\"http:\/\/www.blogdomassinha.com.br\/v1\/wp-content\/uploads\/2017\/01\/Capturar.jpg\"  alt=\"capturar\" width=\"450\" height=\"230\" srcset=\"https:\/\/www.blogdomassinha.com.br\/v1\/wp-content\/uploads\/2017\/01\/Capturar.jpg 756w, https:\/\/www.blogdomassinha.com.br\/v1\/wp-content\/uploads\/2017\/01\/Capturar-300x154.jpg 300w\" sizes=\"(max-width: 450px) 100vw, 450px\" \/><\/a><p id=\"caption-attachment-6415\" class=\"wp-caption-text\">Foto: Reprodu\u00e7\u00e3o \/ Google<\/p><\/div>\n<p style=\"text-align: justify;\"><strong>Por Celso Rios<\/strong><\/p>\n<p style=\"text-align: justify;\">No dia 06 de fevereiro tem in\u00edcio as aulas da rede estadual de ensino, a informa\u00e7\u00e3o foi repassada pela Secretaria Estadual de Educa\u00e7\u00e3o. Ao todo ser\u00e3o cumpridos 200 dias letivos, com t\u00e9rmino das atividades no dia 13 de dezembro.<\/p>\n<p style=\"text-align: justify;\">Ainda de acordo com o calend\u00e1rio, o recesso para o Carnaval ser\u00e1 entre 24 de fevereiro a 1\u00ba de mar\u00e7o; Semana Santa, de 13 a 16 de abril, e o recesso junino, de 22 a 30 de junho.<\/p>\n","protected":false},"excerpt":{"rendered":"<p>Por Celso Rios No dia 06 de fevereiro tem in\u00edcio as aulas da rede estadual de ensino, a informa\u00e7\u00e3o foi repassada pela Secretaria Estadual de Educa\u00e7\u00e3o. Ao todo ser\u00e3o cumpridos 200 dias letivos, com t\u00e9rmino das atividades no dia 13 de dezembro. Ainda de acordo com o calend\u00e1rio, o recesso para o Carnaval ser\u00e1 entre [&hellip;]<\/p>\n","protected":false},"author":3,"featured_media":6415,"comment_status":"open","ping_status":"open","sticky":false,"template":"","format":"standard","meta":[],"categories":[7],"tags":[44,1120,15],"_links":{"self":[{"href":"https:\/\/www.blogdomassinha.com.br\/v1\/wp-json\/wp\/v2\/posts\/6414"}],"collection":[{"href":"https:\/\/www.blogdomassinha.com.br\/v1\/wp-json\/wp\/v2\/posts"}],"about":[{"href":"https:\/\/www.blogdomassinha.com.br\/v1\/wp-json\/wp\/v2\/types\/post"}],"author":[{"embeddable":true,"href":"https:\/\/www.blogdomassinha.com.br\/v1\/wp-json\/wp\/v2\/users\/3"}],"replies":[{"embeddable":true,"href":"https:\/\/www.blogdomassinha.com.br\/v1\/wp-json\/wp\/v2\/comments?post=6414"}],"version-history":[{"count":1,"href":"https:\/\/www.blogdomassinha.com.br\/v1\/wp-json\/wp\/v2\/posts\/6414\/revisions"}],"predecessor-version":[{"id":6416,"href":"https:\/\/www.blogdomassinha.com.br\/v1\/wp-json\/wp\/v2\/posts\/6414\/revisions\/6416"}],"wp:featuredmedia":[{"embeddable":true,"href":"https:\/\/www.blogdomassinha.com.br\/v1\/wp-json\/wp\/v2\/media\/6415"}],"wp:attachment":[{"href":"https:\/\/www.blogdomassinha.com.br\/v1\/wp-json\/wp\/v2\/media?parent=6414"}],"wp:term":[{"taxonomy":"category","embeddable":true,"href":"https:\/\/www.blogdomassinha.com.br\/v1\/wp-json\/wp\/v2\/categories?post=6414"},{"taxonomy":"post_tag","embeddable":true,"href":"https:\/\/www.blogdomassinha.com.br\/v1\/wp-json\/wp\/v2\/tags?post=6414"}],"curies":[{"name":"wp","href":"https:\/\/api.w.org\/{rel}","templated":true}]}}