{"id":6404,"date":"2017-01-04T17:47:20","date_gmt":"2017-01-04T20:47:20","guid":{"rendered":"http:\/\/www.blogdomassinha.com.br\/v1\/?p=6404"},"modified":"2017-01-04T17:47:20","modified_gmt":"2017-01-04T20:47:20","slug":"conquista-prefeitura-realiza-recuperacao-da-estrada-de-sao-sebastiao","status":"publish","type":"post","link":"https:\/\/www.blogdomassinha.com.br\/v1\/2017\/01\/04\/conquista-prefeitura-realiza-recuperacao-da-estrada-de-sao-sebastiao\/","title":{"rendered":"Conquista: Prefeitura realiza recupera\u00e7\u00e3o da estrada de S\u00e3o Sebasti\u00e3o"},"content":{"rendered":"<div id=\"attachment_6405\" style=\"width: 460px\" class=\"wp-caption aligncenter\"><a href=\"http:\/\/www.blogdomassinha.com.br\/v1\/wp-content\/uploads\/2017\/01\/prefeitura-conquista.jpg\" class=\"gallery_colorbox\"><img aria-describedby=\"caption-attachment-6405\" loading=\"lazy\" class=\"wp-image-6405\" src=\"http:\/\/www.blogdomassinha.com.br\/v1\/wp-content\/uploads\/2017\/01\/prefeitura-conquista.jpg\"  alt=\"prefeitura-conquista\" width=\"450\" height=\"300\" srcset=\"https:\/\/www.blogdomassinha.com.br\/v1\/wp-content\/uploads\/2017\/01\/prefeitura-conquista.jpg 640w, https:\/\/www.blogdomassinha.com.br\/v1\/wp-content\/uploads\/2017\/01\/prefeitura-conquista-300x200.jpg 300w\" sizes=\"(max-width: 450px) 100vw, 450px\" \/><\/a><p id=\"caption-attachment-6405\" class=\"wp-caption-text\"><strong>Foto: Blog da Resenha Geral<\/strong><\/p><\/div>\n<p style=\"text-align: justify;\">Amanh\u00e3, 5, a partir das 15h, a Secretaria de Agricultura e Desenvolvimento Rural far\u00e1 uma a\u00e7\u00e3o emergencial de recupera\u00e7\u00e3o da estrada do povoado de S\u00e3o Sebasti\u00e3o. A melhoria da via \u00e9 uma reivindica\u00e7\u00e3o dos moradores, j\u00e1 que o acesso est\u00e1 muito danificado e cheio buracos, o que representa \u00a0risco \u00e0 vida de todos que por ali trafegam.<\/p>\n<p style=\"text-align: justify;\">Outra preocupa\u00e7\u00e3o, \u00a0\u00e9 com o movimento de ve\u00edculos que deve aumentar por causa da tradicional festa de S\u00e3o Sebasti\u00e3o, que ser\u00e1 realizada no dia 13 de janeiro. A previs\u00e3o \u00e9 de concluir a recupera\u00e7\u00e3o o quanto antes para oferecer mais seguran\u00e7a aos moradores da localidade e a todas as pessoas que v\u00e3o se deslocar para participar do evento. <strong>(Fonte: Site PMVC)<\/strong><\/p>\n","protected":false},"excerpt":{"rendered":"<p>Amanh\u00e3, 5, a partir das 15h, a Secretaria de Agricultura e Desenvolvimento Rural far\u00e1 uma a\u00e7\u00e3o emergencial de recupera\u00e7\u00e3o da estrada do povoado de S\u00e3o Sebasti\u00e3o. A melhoria da via \u00e9 uma reivindica\u00e7\u00e3o dos moradores, j\u00e1 que o acesso est\u00e1 muito danificado e cheio buracos, o que representa \u00a0risco \u00e0 vida de todos que por [&hellip;]<\/p>\n","protected":false},"author":3,"featured_media":6405,"comment_status":"open","ping_status":"open","sticky":false,"template":"","format":"standard","meta":[],"categories":[7,6],"tags":[446,586,15],"_links":{"self":[{"href":"https:\/\/www.blogdomassinha.com.br\/v1\/wp-json\/wp\/v2\/posts\/6404"}],"collection":[{"href":"https:\/\/www.blogdomassinha.com.br\/v1\/wp-json\/wp\/v2\/posts"}],"about":[{"href":"https:\/\/www.blogdomassinha.com.br\/v1\/wp-json\/wp\/v2\/types\/post"}],"author":[{"embeddable":true,"href":"https:\/\/www.blogdomassinha.com.br\/v1\/wp-json\/wp\/v2\/users\/3"}],"replies":[{"embeddable":true,"href":"https:\/\/www.blogdomassinha.com.br\/v1\/wp-json\/wp\/v2\/comments?post=6404"}],"version-history":[{"count":1,"href":"https:\/\/www.blogdomassinha.com.br\/v1\/wp-json\/wp\/v2\/posts\/6404\/revisions"}],"predecessor-version":[{"id":6406,"href":"https:\/\/www.blogdomassinha.com.br\/v1\/wp-json\/wp\/v2\/posts\/6404\/revisions\/6406"}],"wp:featuredmedia":[{"embeddable":true,"href":"https:\/\/www.blogdomassinha.com.br\/v1\/wp-json\/wp\/v2\/media\/6405"}],"wp:attachment":[{"href":"https:\/\/www.blogdomassinha.com.br\/v1\/wp-json\/wp\/v2\/media?parent=6404"}],"wp:term":[{"taxonomy":"category","embeddable":true,"href":"https:\/\/www.blogdomassinha.com.br\/v1\/wp-json\/wp\/v2\/categories?post=6404"},{"taxonomy":"post_tag","embeddable":true,"href":"https:\/\/www.blogdomassinha.com.br\/v1\/wp-json\/wp\/v2\/tags?post=6404"}],"curies":[{"name":"wp","href":"https:\/\/api.w.org\/{rel}","templated":true}]}}