{"id":6391,"date":"2017-01-03T16:29:56","date_gmt":"2017-01-03T19:29:56","guid":{"rendered":"http:\/\/www.blogdomassinha.com.br\/v1\/?p=6391"},"modified":"2017-01-03T16:29:56","modified_gmt":"2017-01-03T19:29:56","slug":"educacao-matricula-nas-escolas-estaduais-sera-de-24-a-31-de-janeiro","status":"publish","type":"post","link":"https:\/\/www.blogdomassinha.com.br\/v1\/2017\/01\/03\/educacao-matricula-nas-escolas-estaduais-sera-de-24-a-31-de-janeiro\/","title":{"rendered":"Educa\u00e7\u00e3o: Matr\u00edcula nas escolas estaduais ser\u00e1 de 24 a 31 de janeiro"},"content":{"rendered":"<div id=\"attachment_6392\" style=\"width: 460px\" class=\"wp-caption aligncenter\"><a href=\"http:\/\/www.blogdomassinha.com.br\/v1\/wp-content\/uploads\/2017\/01\/normal_1483456099MATRICULA__fotos_Emerson_Santos_2.jpg\" class=\"gallery_colorbox\"><img aria-describedby=\"caption-attachment-6392\" loading=\"lazy\" class=\"wp-image-6392\" src=\"http:\/\/www.blogdomassinha.com.br\/v1\/wp-content\/uploads\/2017\/01\/normal_1483456099MATRICULA__fotos_Emerson_Santos_2.jpg\"  alt=\"normal_1483456099matricula__fotos_emerson_santos_2\" width=\"450\" height=\"300\" srcset=\"https:\/\/www.blogdomassinha.com.br\/v1\/wp-content\/uploads\/2017\/01\/normal_1483456099MATRICULA__fotos_Emerson_Santos_2.jpg 511w, https:\/\/www.blogdomassinha.com.br\/v1\/wp-content\/uploads\/2017\/01\/normal_1483456099MATRICULA__fotos_Emerson_Santos_2-300x200.jpg 300w\" sizes=\"(max-width: 450px) 100vw, 450px\" \/><\/a><p id=\"caption-attachment-6392\" class=\"wp-caption-text\"><strong>Foto: Emerson Santos<\/strong><\/p><\/div>\n<p style=\"text-align: justify;\">A matr\u00edcula na rede estadual de ensino ser\u00e1 realizada de 24 a 31 de janeiro para os estudantes regularmente matriculados nas escolas estaduais que ir\u00e3o mudar de escola e os novos estudantes que desejam ingressar na rede. Em Salvador e mais 27 cidades (veja rela\u00e7\u00e3o abaixo), os estudantes oriundos das redes municipais poder\u00e3o fazer a matr\u00edcula pela Internet, utilizando o c\u00f3digo que receberam nas suas escolas de origem. Basta acessar o <strong><a href=\"http:\/\/www.educacao.ba.gov.br\/\" target=\"_blank\">Portal da Educa\u00e7\u00e3o.<\/a><\/strong><\/p>\n<p>O primeiro dia de matr\u00edcula (24\/01) \u00e9 direcionado ao estudante da rede estadual de ensino nas seguintes situa\u00e7\u00f5es: deve mudar de escola porque a atual n\u00e3o oferece a s\u00e9rie subsequente, n\u00e3o renovou a matr\u00edcula no per\u00edodo determinado ou mudan\u00e7a de domic\u00edlio. Entre os dias 25 e 26\/01, a matr\u00edcula \u00e9 para os concluintes das s\u00e9ries iniciais e finais do Ensino Fundamental, regularmente matriculados na rede p\u00fablica municipal no ano letivo de 2016, em raz\u00e3o das escolas n\u00e3o oferecerem a s\u00e9rie subsequente.<!--more--><\/p>\n<p>Alunos novos &#8211; A matr\u00edcula de novos estudantes que forem cursar qualquer s\u00e9rie do Ensino Fundamental acontece no dia 27 de janeiro e do Ensino M\u00e9dio e suas modalidades, nos dias 30 e 31 de janeiro, devendo ser realizada presencialmente em qualquer unidade da rede estadual de ensino.<\/p>\n<p><strong>Pela internet<\/strong><\/p>\n<p>Al\u00e9m dos estudantes regularmente matriculados na rede estadual de ensino em 2016, tamb\u00e9m podem fazer a matr\u00edcula pela Internet estudantes oriundos das redes municipais das seguintes cidades: Itabuna, Nordestina, Barreiras, Barro Preto, Barrocas, Brej\u00f5es, Cama\u00e7ari, Catu, Dias D\u2019\u00c1vila, Encruzilhada, Eun\u00e1polis, Feira de Santana, Gl\u00f3ria, Gongogi, Ipir\u00e1, Itaberaba, Itapetinga, Lamar\u00e3o, Lu\u00eds Eduardo Magalh\u00e3es, Macajuba, Madre de Deus, Mundo Novo, Paulo Afonso, Porto Seguro, Salvador, S\u00e3o Jos\u00e9 da Vit\u00f3ria, Serrinha, Sim\u00f5es Filho e Vit\u00f3ria da Conquista.<\/p>\n<p>O cronograma de matr\u00edcula da rede estadual abrange toda a Educa\u00e7\u00e3o B\u00e1sica e suas modalidades, incluindo a Educa\u00e7\u00e3o Profissional, na qual s\u00e3o ofertados cursos t\u00e9cnicos de n\u00edvel m\u00e9dio e de qualifica\u00e7\u00e3o integrados \u00e0 Educa\u00e7\u00e3o de Jovens e Adultos (EJA), de n\u00edvel Fundamental e M\u00e9dio.<\/p>\n<p>Documentos necess\u00e1rios \u2013 Para a matr\u00edcula \u00e9 preciso apresentar os seguintes documentos: original do hist\u00f3rico escolar ou atestado de escolaridade, firmado pela dire\u00e7\u00e3o da unidade escolar (deve ser substitu\u00eddo pelo hist\u00f3rico em at\u00e9 30 dias); original e c\u00f3pia da certid\u00e3o de registro civil ou da carteira de identidade (RG); original e c\u00f3pia do CPF, original e c\u00f3pia leg\u00edvel com data recente do comprovante de resid\u00eancia (\u00e1gua, luz, telefone fixo ou m\u00f3vel, g\u00e1s encanado, Internet, contrato de aluguel, IPTU, cart\u00e3o de cr\u00e9dito ou TV por assinatura) e o c\u00f3digo do SETPS (constante no Salvador Card) para as escolas do munic\u00edpio de Salvador.<\/p>\n<p><strong>Ano Letivo<\/strong><\/p>\n<p>O ano letivo de 2017 na rede estadual come\u00e7a no dia 6 de fevereiro. De acordo com o calend\u00e1rio escolar divulgado pela Secretaria da Educa\u00e7\u00e3o do Estado da Bahia, ser\u00e3o realizados 200 dias letivos. O recesso para o Carnaval ser\u00e1 de 24\/02 a 1\u00ba de mar\u00e7o, o recesso da Semana Santa, de 13 a 16 de abril, e o recesso junino, de 22 a 25 de junho. O \u00faltimo dia letivo ser\u00e1 13 de dezembro de 2017. <strong>(Fonte: Secom \/ BA)<\/strong><\/p>\n","protected":false},"excerpt":{"rendered":"<p>A matr\u00edcula na rede estadual de ensino ser\u00e1 realizada de 24 a 31 de janeiro para os estudantes regularmente matriculados nas escolas estaduais que ir\u00e3o mudar de escola e os novos estudantes que desejam ingressar na rede. Em Salvador e mais 27 cidades (veja rela\u00e7\u00e3o abaixo), os estudantes oriundos das redes municipais poder\u00e3o fazer a [&hellip;]<\/p>\n","protected":false},"author":3,"featured_media":6392,"comment_status":"open","ping_status":"open","sticky":false,"template":"","format":"standard","meta":[],"categories":[7,1],"tags":[1119,1120],"_links":{"self":[{"href":"https:\/\/www.blogdomassinha.com.br\/v1\/wp-json\/wp\/v2\/posts\/6391"}],"collection":[{"href":"https:\/\/www.blogdomassinha.com.br\/v1\/wp-json\/wp\/v2\/posts"}],"about":[{"href":"https:\/\/www.blogdomassinha.com.br\/v1\/wp-json\/wp\/v2\/types\/post"}],"author":[{"embeddable":true,"href":"https:\/\/www.blogdomassinha.com.br\/v1\/wp-json\/wp\/v2\/users\/3"}],"replies":[{"embeddable":true,"href":"https:\/\/www.blogdomassinha.com.br\/v1\/wp-json\/wp\/v2\/comments?post=6391"}],"version-history":[{"count":1,"href":"https:\/\/www.blogdomassinha.com.br\/v1\/wp-json\/wp\/v2\/posts\/6391\/revisions"}],"predecessor-version":[{"id":6393,"href":"https:\/\/www.blogdomassinha.com.br\/v1\/wp-json\/wp\/v2\/posts\/6391\/revisions\/6393"}],"wp:featuredmedia":[{"embeddable":true,"href":"https:\/\/www.blogdomassinha.com.br\/v1\/wp-json\/wp\/v2\/media\/6392"}],"wp:attachment":[{"href":"https:\/\/www.blogdomassinha.com.br\/v1\/wp-json\/wp\/v2\/media?parent=6391"}],"wp:term":[{"taxonomy":"category","embeddable":true,"href":"https:\/\/www.blogdomassinha.com.br\/v1\/wp-json\/wp\/v2\/categories?post=6391"},{"taxonomy":"post_tag","embeddable":true,"href":"https:\/\/www.blogdomassinha.com.br\/v1\/wp-json\/wp\/v2\/tags?post=6391"}],"curies":[{"name":"wp","href":"https:\/\/api.w.org\/{rel}","templated":true}]}}