{"id":6384,"date":"2017-01-03T16:04:27","date_gmt":"2017-01-03T19:04:27","guid":{"rendered":"http:\/\/www.blogdomassinha.com.br\/v1\/?p=6384"},"modified":"2017-01-03T16:04:27","modified_gmt":"2017-01-03T19:04:27","slug":"sudoeste-policlinica-abre-selecao-para-57-vagas-com-salarios-de-ate-r-4-mil","status":"publish","type":"post","link":"https:\/\/www.blogdomassinha.com.br\/v1\/2017\/01\/03\/sudoeste-policlinica-abre-selecao-para-57-vagas-com-salarios-de-ate-r-4-mil\/","title":{"rendered":"Sudoeste: Policl\u00ednica abre sele\u00e7\u00e3o para 57 vagas com sal\u00e1rios de at\u00e9 R$ 4 mil"},"content":{"rendered":"<div id=\"attachment_6385\" style=\"width: 460px\" class=\"wp-caption aligncenter\"><a href=\"http:\/\/www.blogdomassinha.com.br\/v1\/wp-content\/uploads\/2017\/01\/emprego-guarulhos.jpg\" class=\"gallery_colorbox\"><img aria-describedby=\"caption-attachment-6385\" loading=\"lazy\" class=\"wp-image-6385\" src=\"http:\/\/www.blogdomassinha.com.br\/v1\/wp-content\/uploads\/2017\/01\/emprego-guarulhos.jpg\"  alt=\"emprego-guarulhos\" width=\"450\" height=\"250\" srcset=\"https:\/\/www.blogdomassinha.com.br\/v1\/wp-content\/uploads\/2017\/01\/emprego-guarulhos.jpg 600w, https:\/\/www.blogdomassinha.com.br\/v1\/wp-content\/uploads\/2017\/01\/emprego-guarulhos-300x167.jpg 300w\" sizes=\"(max-width: 450px) 100vw, 450px\" \/><\/a><p id=\"caption-attachment-6385\" class=\"wp-caption-text\"><strong>Foto: Reprodu\u00e7\u00e3o \/ Google<\/strong><\/p><\/div>\n<p style=\"text-align: justify;\">O processo seletivo para contrata\u00e7\u00e3o de 57 profissionais de n\u00edvel superior e m\u00e9dio para a policl\u00ednica de Jequi\u00e9, que est\u00e1 em constru\u00e7\u00e3o na cidade do sudoeste da Bahia, foi aberto no final do m\u00eas de dezembro. Os sal\u00e1rios variam de R$ 1.188,13 a R$ 4.388,32.<\/p>\n<p style=\"text-align: justify;\">O edital est\u00e1 dispon\u00edvel nos sites da Secretaria da Sa\u00fade do Estado da Bahia e da Funda\u00e7\u00e3o Cefet Bahia.<!--more--><\/p>\n<p style=\"text-align: justify;\">O regime jur\u00eddico de contrata\u00e7\u00e3o \u00e9 o estabelecido pela Consolida\u00e7\u00e3o das Leis do Trabalho (CLT). As vagas s\u00e3o para m\u00e9dico, enfermeiro, psic\u00f3logo, farmac\u00eautico, nutricionista, ouvidor, assessor t\u00e9cnico, t\u00e9cnico em enfermagem, t\u00e9cnico em radiologia e assistente administrativo.<\/p>\n<p style=\"text-align: justify;\">A iniciativa \u00e9 do governo estadual, por meio do Cons\u00f3rcio P\u00fablico Interfederativo de Sa\u00fade da Regi\u00e3o de Jequi\u00e9. As inscri\u00e7\u00f5es ficam abertas at\u00e9 o m\u00eas de fevereiro de 2017. <strong>(Fonte: Qualifica Bahia)<\/strong><\/p>\n<p style=\"text-align: justify;\"><strong><a href=\"https:\/\/secure75.securewebsession.com\/fundacaocefetbahia.org.br\/policlinica\/jequie\/edital_policlinica_jequie_001_2016.pdf\">EDITAL<\/a> <\/strong><\/p>\n<p style=\"text-align: justify;\"><strong><a href=\"https:\/\/secure75.securewebsession.com\/fundacaocefetbahia.org.br\/policlinica\/jequie\/inscricao.asp\">LINK PARA INSCRI\u00c7\u00d5ES<\/a> <\/strong><\/p>\n","protected":false},"excerpt":{"rendered":"<p>O processo seletivo para contrata\u00e7\u00e3o de 57 profissionais de n\u00edvel superior e m\u00e9dio para a policl\u00ednica de Jequi\u00e9, que est\u00e1 em constru\u00e7\u00e3o na cidade do sudoeste da Bahia, foi aberto no final do m\u00eas de dezembro. Os sal\u00e1rios variam de R$ 1.188,13 a R$ 4.388,32. O edital est\u00e1 dispon\u00edvel nos sites da Secretaria da Sa\u00fade [&hellip;]<\/p>\n","protected":false},"author":3,"featured_media":6385,"comment_status":"open","ping_status":"open","sticky":false,"template":"","format":"standard","meta":[],"categories":[7,1],"tags":[44,144,152,1118],"_links":{"self":[{"href":"https:\/\/www.blogdomassinha.com.br\/v1\/wp-json\/wp\/v2\/posts\/6384"}],"collection":[{"href":"https:\/\/www.blogdomassinha.com.br\/v1\/wp-json\/wp\/v2\/posts"}],"about":[{"href":"https:\/\/www.blogdomassinha.com.br\/v1\/wp-json\/wp\/v2\/types\/post"}],"author":[{"embeddable":true,"href":"https:\/\/www.blogdomassinha.com.br\/v1\/wp-json\/wp\/v2\/users\/3"}],"replies":[{"embeddable":true,"href":"https:\/\/www.blogdomassinha.com.br\/v1\/wp-json\/wp\/v2\/comments?post=6384"}],"version-history":[{"count":1,"href":"https:\/\/www.blogdomassinha.com.br\/v1\/wp-json\/wp\/v2\/posts\/6384\/revisions"}],"predecessor-version":[{"id":6386,"href":"https:\/\/www.blogdomassinha.com.br\/v1\/wp-json\/wp\/v2\/posts\/6384\/revisions\/6386"}],"wp:featuredmedia":[{"embeddable":true,"href":"https:\/\/www.blogdomassinha.com.br\/v1\/wp-json\/wp\/v2\/media\/6385"}],"wp:attachment":[{"href":"https:\/\/www.blogdomassinha.com.br\/v1\/wp-json\/wp\/v2\/media?parent=6384"}],"wp:term":[{"taxonomy":"category","embeddable":true,"href":"https:\/\/www.blogdomassinha.com.br\/v1\/wp-json\/wp\/v2\/categories?post=6384"},{"taxonomy":"post_tag","embeddable":true,"href":"https:\/\/www.blogdomassinha.com.br\/v1\/wp-json\/wp\/v2\/tags?post=6384"}],"curies":[{"name":"wp","href":"https:\/\/api.w.org\/{rel}","templated":true}]}}