{"id":6366,"date":"2017-01-02T17:35:04","date_gmt":"2017-01-02T20:35:04","guid":{"rendered":"http:\/\/www.blogdomassinha.com.br\/v1\/?p=6366"},"modified":"2017-01-02T17:35:04","modified_gmt":"2017-01-02T20:35:04","slug":"conquista-em-cerimonia-de-transmissao-de-cargo-guilherme-passa-prefeitura-para-as-maos-de-herzem","status":"publish","type":"post","link":"https:\/\/www.blogdomassinha.com.br\/v1\/2017\/01\/02\/conquista-em-cerimonia-de-transmissao-de-cargo-guilherme-passa-prefeitura-para-as-maos-de-herzem\/","title":{"rendered":"Conquista: Em cerim\u00f4nia de transmiss\u00e3o de cargo, Guilherme passa Prefeitura para as m\u00e3os de Herzem"},"content":{"rendered":"<div id=\"attachment_6367\" style=\"width: 460px\" class=\"wp-caption aligncenter\"><a href=\"http:\/\/www.blogdomassinha.com.br\/v1\/wp-content\/uploads\/2017\/01\/001.jpg\" class=\"gallery_colorbox\"><img aria-describedby=\"caption-attachment-6367\" loading=\"lazy\" class=\"wp-image-6367\" src=\"http:\/\/www.blogdomassinha.com.br\/v1\/wp-content\/uploads\/2017\/01\/001.jpg\"  alt=\"001\" width=\"450\" height=\"279\" srcset=\"https:\/\/www.blogdomassinha.com.br\/v1\/wp-content\/uploads\/2017\/01\/001.jpg 500w, https:\/\/www.blogdomassinha.com.br\/v1\/wp-content\/uploads\/2017\/01\/001-300x186.jpg 300w\" sizes=\"(max-width: 450px) 100vw, 450px\" \/><\/a><p id=\"caption-attachment-6367\" class=\"wp-caption-text\"><strong>Foto: Blog do Rodrigo Ferraz<\/strong><\/p><\/div>\n<p style=\"text-align: justify;\">No final da tarde desse domingo (01), em Vit\u00f3ria da Conquista, aconteceu a tradicional cerim\u00f4nia de transmiss\u00e3o do cargo de prefeito no sal\u00e3o nobre da Prefeitura Municipal de Vit\u00f3ria da Conquista.<\/p>\n<div id=\"attachment_6368\" style=\"width: 460px\" class=\"wp-caption aligncenter\"><a href=\"http:\/\/www.blogdomassinha.com.br\/v1\/wp-content\/uploads\/2017\/01\/002.jpg\" class=\"gallery_colorbox\"><img aria-describedby=\"caption-attachment-6368\" loading=\"lazy\" class=\"wp-image-6368 \" src=\"http:\/\/www.blogdomassinha.com.br\/v1\/wp-content\/uploads\/2017\/01\/002.jpg\"  alt=\"002\" width=\"450\" height=\"279\" srcset=\"https:\/\/www.blogdomassinha.com.br\/v1\/wp-content\/uploads\/2017\/01\/002.jpg 500w, https:\/\/www.blogdomassinha.com.br\/v1\/wp-content\/uploads\/2017\/01\/002-300x186.jpg 300w\" sizes=\"(max-width: 450px) 100vw, 450px\" \/><\/a><p id=\"caption-attachment-6368\" class=\"wp-caption-text\">Foto: Blog do Rodrigo Ferraz<\/p><\/div>\n<p style=\"text-align: justify;\">O ato solene contou com a presen\u00e7a do agora ex-prefeito Guilherme Menezes (PT), do ex vice-prefeito, Jo\u00e1s Meira (PSB) e demais membros do Governo Participativo.<!--more--><\/p>\n<div id=\"attachment_6369\" style=\"width: 460px\" class=\"wp-caption aligncenter\"><a href=\"http:\/\/www.blogdomassinha.com.br\/v1\/wp-content\/uploads\/2017\/01\/003.jpg\" class=\"gallery_colorbox\"><img aria-describedby=\"caption-attachment-6369\" loading=\"lazy\" class=\"wp-image-6369 \" src=\"http:\/\/www.blogdomassinha.com.br\/v1\/wp-content\/uploads\/2017\/01\/003.jpg\"  alt=\"003\" width=\"450\" height=\"279\" srcset=\"https:\/\/www.blogdomassinha.com.br\/v1\/wp-content\/uploads\/2017\/01\/003.jpg 500w, https:\/\/www.blogdomassinha.com.br\/v1\/wp-content\/uploads\/2017\/01\/003-300x186.jpg 300w\" sizes=\"(max-width: 450px) 100vw, 450px\" \/><\/a><p id=\"caption-attachment-6369\" class=\"wp-caption-text\">Foto: Blog do Rodrigo Ferraz<\/p><\/div>\n<p style=\"text-align: justify;\">O ato de transmiss\u00e3o de cargo foi lido pelo jornalista e agora ex-secret\u00e1rio de comunica\u00e7\u00e3o, Ernesto Marques. Herzem e a vice-prefeita, Irma Lemos (PTB) assinaram a ata e iniciaram nessa segunda-feira, 1\u00ba dia \u00fatil do ano, o novo governo da Joia do Sert\u00e3o baiano. <strong>(Com informa\u00e7\u00f5es do Blog do Rodrigo Ferraz)<\/strong><\/p>\n","protected":false},"excerpt":{"rendered":"<p>No final da tarde desse domingo (01), em Vit\u00f3ria da Conquista, aconteceu a tradicional cerim\u00f4nia de transmiss\u00e3o do cargo de prefeito no sal\u00e3o nobre da Prefeitura Municipal de Vit\u00f3ria da Conquista. O ato solene contou com a presen\u00e7a do agora ex-prefeito Guilherme Menezes (PT), do ex vice-prefeito, Jo\u00e1s Meira (PSB) e demais membros do Governo [&hellip;]<\/p>\n","protected":false},"author":3,"featured_media":6367,"comment_status":"open","ping_status":"open","sticky":false,"template":"","format":"standard","meta":[],"categories":[7,2],"tags":[546,45,46,178],"_links":{"self":[{"href":"https:\/\/www.blogdomassinha.com.br\/v1\/wp-json\/wp\/v2\/posts\/6366"}],"collection":[{"href":"https:\/\/www.blogdomassinha.com.br\/v1\/wp-json\/wp\/v2\/posts"}],"about":[{"href":"https:\/\/www.blogdomassinha.com.br\/v1\/wp-json\/wp\/v2\/types\/post"}],"author":[{"embeddable":true,"href":"https:\/\/www.blogdomassinha.com.br\/v1\/wp-json\/wp\/v2\/users\/3"}],"replies":[{"embeddable":true,"href":"https:\/\/www.blogdomassinha.com.br\/v1\/wp-json\/wp\/v2\/comments?post=6366"}],"version-history":[{"count":1,"href":"https:\/\/www.blogdomassinha.com.br\/v1\/wp-json\/wp\/v2\/posts\/6366\/revisions"}],"predecessor-version":[{"id":6370,"href":"https:\/\/www.blogdomassinha.com.br\/v1\/wp-json\/wp\/v2\/posts\/6366\/revisions\/6370"}],"wp:featuredmedia":[{"embeddable":true,"href":"https:\/\/www.blogdomassinha.com.br\/v1\/wp-json\/wp\/v2\/media\/6367"}],"wp:attachment":[{"href":"https:\/\/www.blogdomassinha.com.br\/v1\/wp-json\/wp\/v2\/media?parent=6366"}],"wp:term":[{"taxonomy":"category","embeddable":true,"href":"https:\/\/www.blogdomassinha.com.br\/v1\/wp-json\/wp\/v2\/categories?post=6366"},{"taxonomy":"post_tag","embeddable":true,"href":"https:\/\/www.blogdomassinha.com.br\/v1\/wp-json\/wp\/v2\/tags?post=6366"}],"curies":[{"name":"wp","href":"https:\/\/api.w.org\/{rel}","templated":true}]}}