{"id":6244,"date":"2016-12-27T07:14:37","date_gmt":"2016-12-27T10:14:37","guid":{"rendered":"http:\/\/www.blogdomassinha.com.br\/v1\/?p=6244"},"modified":"2016-12-27T07:14:37","modified_gmt":"2016-12-27T10:14:37","slug":"conquista-veja-quem-e-a-convidada-desta-terca-feira-27-no-programa-agito-geral","status":"publish","type":"post","link":"https:\/\/www.blogdomassinha.com.br\/v1\/2016\/12\/27\/conquista-veja-quem-e-a-convidada-desta-terca-feira-27-no-programa-agito-geral\/","title":{"rendered":"Conquista: Veja quem \u00e9 a convidada desta ter\u00e7a-feira (27) no Programa Agito Geral"},"content":{"rendered":"<p><a href=\"http:\/\/www.blogdomassinha.com.br\/v1\/wp-content\/uploads\/2016\/12\/c3.jpg\" class=\"gallery_colorbox\"><img loading=\"lazy\" class=\"aligncenter  wp-image-6240\" src=\"http:\/\/www.blogdomassinha.com.br\/v1\/wp-content\/uploads\/2016\/12\/c3.jpg\"  alt=\"c3\" width=\"450\" height=\"450\" srcset=\"https:\/\/www.blogdomassinha.com.br\/v1\/wp-content\/uploads\/2016\/12\/c3.jpg 640w, https:\/\/www.blogdomassinha.com.br\/v1\/wp-content\/uploads\/2016\/12\/c3-150x150.jpg 150w, https:\/\/www.blogdomassinha.com.br\/v1\/wp-content\/uploads\/2016\/12\/c3-300x300.jpg 300w\" sizes=\"(max-width: 450px) 100vw, 450px\" \/><\/a><\/p>\n<p>O programa Agito geral desta ter\u00e7a-feira (27) tem a presen\u00e7a de Ully Flores, jovem arquiteta e rec\u00e9m formada pela Faculdade Independente do Nordeste (FAINOR).<\/p>\n<p>Ully foi autora de um Trabalho de Conclus\u00e3o de Curso (TCC), onde criou um projeto de revitaliza\u00e7\u00e3o do Centro de Cultura e que abrange tamb\u00e9m a reforma da Pra\u00e7a da Normal, mais conhecida como Pra\u00e7a Guadalajara.\u00a0<!--more--><\/p>\n<p>Fique ligado na sintonia da 87,9 FM. Programa Agito Geral sempre ao meio dia \u00a0trazendo muita not\u00edcia, m\u00fasica e o que acontece em Vit\u00f3ria da Conquista.<\/p>\n","protected":false},"excerpt":{"rendered":"<p>O programa Agito geral desta ter\u00e7a-feira (27) tem a presen\u00e7a de Ully Flores, jovem arquiteta e rec\u00e9m formada pela Faculdade Independente do Nordeste (FAINOR). Ully foi autora de um Trabalho de Conclus\u00e3o de Curso (TCC), onde criou um projeto de revitaliza\u00e7\u00e3o do Centro de Cultura e que abrange tamb\u00e9m a reforma da Pra\u00e7a da Normal, [&hellip;]<\/p>\n","protected":false},"author":3,"featured_media":6240,"comment_status":"open","ping_status":"open","sticky":false,"template":"","format":"standard","meta":[],"categories":[7,6],"tags":[1072,855,1073],"_links":{"self":[{"href":"https:\/\/www.blogdomassinha.com.br\/v1\/wp-json\/wp\/v2\/posts\/6244"}],"collection":[{"href":"https:\/\/www.blogdomassinha.com.br\/v1\/wp-json\/wp\/v2\/posts"}],"about":[{"href":"https:\/\/www.blogdomassinha.com.br\/v1\/wp-json\/wp\/v2\/types\/post"}],"author":[{"embeddable":true,"href":"https:\/\/www.blogdomassinha.com.br\/v1\/wp-json\/wp\/v2\/users\/3"}],"replies":[{"embeddable":true,"href":"https:\/\/www.blogdomassinha.com.br\/v1\/wp-json\/wp\/v2\/comments?post=6244"}],"version-history":[{"count":1,"href":"https:\/\/www.blogdomassinha.com.br\/v1\/wp-json\/wp\/v2\/posts\/6244\/revisions"}],"predecessor-version":[{"id":6246,"href":"https:\/\/www.blogdomassinha.com.br\/v1\/wp-json\/wp\/v2\/posts\/6244\/revisions\/6246"}],"wp:featuredmedia":[{"embeddable":true,"href":"https:\/\/www.blogdomassinha.com.br\/v1\/wp-json\/wp\/v2\/media\/6240"}],"wp:attachment":[{"href":"https:\/\/www.blogdomassinha.com.br\/v1\/wp-json\/wp\/v2\/media?parent=6244"}],"wp:term":[{"taxonomy":"category","embeddable":true,"href":"https:\/\/www.blogdomassinha.com.br\/v1\/wp-json\/wp\/v2\/categories?post=6244"},{"taxonomy":"post_tag","embeddable":true,"href":"https:\/\/www.blogdomassinha.com.br\/v1\/wp-json\/wp\/v2\/tags?post=6244"}],"curies":[{"name":"wp","href":"https:\/\/api.w.org\/{rel}","templated":true}]}}