{"id":6165,"date":"2016-12-20T15:38:26","date_gmt":"2016-12-20T18:38:26","guid":{"rendered":"http:\/\/www.blogdomassinha.com.br\/v1\/?p=6165"},"modified":"2016-12-20T15:40:00","modified_gmt":"2016-12-20T18:40:00","slug":"conquista-luciano-bonfim-e-o-convidado-do-programa-agito-geral-desta-quarta-feira-21","status":"publish","type":"post","link":"https:\/\/www.blogdomassinha.com.br\/v1\/2016\/12\/20\/conquista-luciano-bonfim-e-o-convidado-do-programa-agito-geral-desta-quarta-feira-21\/","title":{"rendered":"Conquista: Luciano Bonfim \u00e9 o convidado do Programa Agito Geral desta quarta-feira (21)"},"content":{"rendered":"<p>&nbsp;<\/p>\n<div id=\"attachment_6166\" style=\"width: 460px\" class=\"wp-caption aligncenter\"><a href=\"http:\/\/www.blogdomassinha.com.br\/v1\/wp-content\/uploads\/2016\/12\/DSC_0729.jpg\" class=\"gallery_colorbox\"><img aria-describedby=\"caption-attachment-6166\" loading=\"lazy\" class=\"wp-image-6166\" src=\"http:\/\/www.blogdomassinha.com.br\/v1\/wp-content\/uploads\/2016\/12\/DSC_0729.jpg\"  alt=\"dsc_0729\" width=\"450\" height=\"324\" srcset=\"https:\/\/www.blogdomassinha.com.br\/v1\/wp-content\/uploads\/2016\/12\/DSC_0729.jpg 500w, https:\/\/www.blogdomassinha.com.br\/v1\/wp-content\/uploads\/2016\/12\/DSC_0729-300x216.jpg 300w\" sizes=\"(max-width: 450px) 100vw, 450px\" \/><\/a><p id=\"caption-attachment-6166\" class=\"wp-caption-text\">Foto: Blog do Anderson<\/p><\/div>\n<p style=\"text-align: justify;\">O programa Agito Geral desta quarta-feira (21), na Melodia FM (87,9), traz a presen\u00e7a de Luciano Bonfim, engenheiro civil e diretor da Prates Bonfim Engenharia. Al\u00e9m do entrevistado, voc\u00ea tem os destaques de Vit\u00f3ria da Conquista e regi\u00e3o, com o rep\u00f3rter Jo\u00e3o Melo.<\/p>\n<p style=\"text-align: justify;\">N\u00e3o esque\u00e7a, sempre ao meio tem Agito Geral na Melodia FM. M\u00fasica, Not\u00edcia e, claro, o comando alto astral de Massinha. Ligue o r\u00e1dio, sintonize e venha com a gente!<\/p>\n","protected":false},"excerpt":{"rendered":"<p>&nbsp; O programa Agito Geral desta quarta-feira (21), na Melodia FM (87,9), traz a presen\u00e7a de Luciano Bonfim, engenheiro civil e diretor da Prates Bonfim Engenharia. Al\u00e9m do entrevistado, voc\u00ea tem os destaques de Vit\u00f3ria da Conquista e regi\u00e3o, com o rep\u00f3rter Jo\u00e3o Melo. N\u00e3o esque\u00e7a, sempre ao meio tem Agito Geral na Melodia FM. [&hellip;]<\/p>\n","protected":false},"author":3,"featured_media":6166,"comment_status":"open","ping_status":"open","sticky":false,"template":"","format":"standard","meta":[],"categories":[7,1],"tags":[849,1054,847,1055,31,15],"_links":{"self":[{"href":"https:\/\/www.blogdomassinha.com.br\/v1\/wp-json\/wp\/v2\/posts\/6165"}],"collection":[{"href":"https:\/\/www.blogdomassinha.com.br\/v1\/wp-json\/wp\/v2\/posts"}],"about":[{"href":"https:\/\/www.blogdomassinha.com.br\/v1\/wp-json\/wp\/v2\/types\/post"}],"author":[{"embeddable":true,"href":"https:\/\/www.blogdomassinha.com.br\/v1\/wp-json\/wp\/v2\/users\/3"}],"replies":[{"embeddable":true,"href":"https:\/\/www.blogdomassinha.com.br\/v1\/wp-json\/wp\/v2\/comments?post=6165"}],"version-history":[{"count":2,"href":"https:\/\/www.blogdomassinha.com.br\/v1\/wp-json\/wp\/v2\/posts\/6165\/revisions"}],"predecessor-version":[{"id":6168,"href":"https:\/\/www.blogdomassinha.com.br\/v1\/wp-json\/wp\/v2\/posts\/6165\/revisions\/6168"}],"wp:featuredmedia":[{"embeddable":true,"href":"https:\/\/www.blogdomassinha.com.br\/v1\/wp-json\/wp\/v2\/media\/6166"}],"wp:attachment":[{"href":"https:\/\/www.blogdomassinha.com.br\/v1\/wp-json\/wp\/v2\/media?parent=6165"}],"wp:term":[{"taxonomy":"category","embeddable":true,"href":"https:\/\/www.blogdomassinha.com.br\/v1\/wp-json\/wp\/v2\/categories?post=6165"},{"taxonomy":"post_tag","embeddable":true,"href":"https:\/\/www.blogdomassinha.com.br\/v1\/wp-json\/wp\/v2\/tags?post=6165"}],"curies":[{"name":"wp","href":"https:\/\/api.w.org\/{rel}","templated":true}]}}