{"id":6141,"date":"2016-12-19T13:35:17","date_gmt":"2016-12-19T16:35:17","guid":{"rendered":"http:\/\/www.blogdomassinha.com.br\/v1\/?p=6141"},"modified":"2016-12-19T13:35:17","modified_gmt":"2016-12-19T16:35:17","slug":"conquista-herzem-anuncia-os-nomes-do-secretariado-do-seu-governo-veja-a-lista","status":"publish","type":"post","link":"https:\/\/www.blogdomassinha.com.br\/v1\/2016\/12\/19\/conquista-herzem-anuncia-os-nomes-do-secretariado-do-seu-governo-veja-a-lista\/","title":{"rendered":"Conquista: Herzem anuncia os nomes do secretariado do seu governo; veja a lista"},"content":{"rendered":"<p style=\"text-align: justify;\">\n<div id=\"attachment_6143\" style=\"width: 508px\" class=\"wp-caption aligncenter\"><a href=\"http:\/\/www.blogdomassinha.com.br\/v1\/wp-content\/uploads\/2016\/12\/Capturar2.jpg\" class=\"gallery_colorbox\"><img aria-describedby=\"caption-attachment-6143\" loading=\"lazy\" class=\"wp-image-6143\" src=\"http:\/\/www.blogdomassinha.com.br\/v1\/wp-content\/uploads\/2016\/12\/Capturar2.jpg\"  alt=\"capturar\" width=\"498\" height=\"343\" srcset=\"https:\/\/www.blogdomassinha.com.br\/v1\/wp-content\/uploads\/2016\/12\/Capturar2.jpg 768w, https:\/\/www.blogdomassinha.com.br\/v1\/wp-content\/uploads\/2016\/12\/Capturar2-300x207.jpg 300w\" sizes=\"(max-width: 498px) 100vw, 498px\" \/><\/a><p id=\"caption-attachment-6143\" class=\"wp-caption-text\"><strong>Foto: Celso Rios <\/strong><\/p><\/div>\n<p style=\"text-align: justify;\"><strong>Por Celso Rios<\/strong><\/p>\n<p style=\"text-align: justify;\">Na manh\u00e3 desta segunda-feira (19), no sal\u00e3o de eventos do Livramento Palace Hotel, foram anunciados os nomes que ir\u00e3o compor a equipe de governo do prefeito eleito de Vit\u00f3ria da Conquista, Herzem Gusm\u00e3o.<\/p>\n<p style=\"text-align: justify;\">Houve uma redu\u00e7\u00e3o de 18 para 12 pastas, corte de 1\/3 das secretarias, e que representar\u00e1 segundo a vis\u00e3o do novo gestor uma importante economia nos cofres municipais, sem perder de vista o bom funcionamento da m\u00e1quina p\u00fablica.<\/p>\n<p style=\"text-align: justify;\">\n<p style=\"text-align: justify;\"><strong>Confira os nomes indicados para o secretariado do governo Herzem Gusm\u00e3o (PMDB):<\/strong><!--more--><\/p>\n<ul>\n<li style=\"text-align: justify;\"><strong>Secretaria de Administra\u00e7\u00e3o \u2013 Paulo Willians<\/strong><\/li>\n<li style=\"text-align: justify;\"><strong>Secretaria da Fazenda \u2013 Marivone Ribeiro Vieira Batista<\/strong><\/li>\n<li style=\"text-align: justify;\"><strong>Secretaria de Servi\u00e7os P\u00fablicos e Transporte \u2013 Cel. Esmeraldino Correia<\/strong><\/li>\n<li style=\"text-align: justify;\"><strong>Secretaria de Mobilidade e Infraestrutura Urbana &#8211; Jos\u00e9 Antonio de Jesus Vieira<\/strong><\/li>\n<li style=\"text-align: justify;\"><strong>Secretaria de Ind\u00fastria, Com\u00e9rcio e Planejamento \u2013 Claudio Cardoso<\/strong><\/li>\n<li style=\"text-align: justify;\"><strong>Secretaria de Sa\u00fade \u2013 Ceres Neide Almeida Costa<\/strong><\/li>\n<li style=\"text-align: justify;\"><strong>Secretaria do Gabinete Civil \u2013 Marcos Ant\u00f4nio de Miranda Ferreira<\/strong><\/li>\n<li style=\"text-align: justify;\"><strong>Secretaria de Educa\u00e7\u00e3o \u2013 Marcelo de Melo Silva<\/strong><\/li>\n<li style=\"text-align: justify;\"><strong>Secretaria de Agricultura e Desenvolvimento Social \u2013 Arlindo Rebou\u00e7as<\/strong><\/li>\n<li style=\"text-align: justify;\"><strong>Secretaria de Cultura e Turismo \u2013 Teresa Cristina Negreiros Teixeira da Rocha<\/strong><\/li>\n<li style=\"text-align: justify;\"><strong>Secretaria de Desenvolvimento Social \u2013 Irma Lemos<\/strong><\/li>\n<li style=\"text-align: justify;\"><strong>Procuradoria \u2013 Murilo M\u00e1rmore \u00a0\u00a0<\/strong><\/li>\n<\/ul>\n","protected":false},"excerpt":{"rendered":"<p>Por Celso Rios Na manh\u00e3 desta segunda-feira (19), no sal\u00e3o de eventos do Livramento Palace Hotel, foram anunciados os nomes que ir\u00e3o compor a equipe de governo do prefeito eleito de Vit\u00f3ria da Conquista, Herzem Gusm\u00e3o. Houve uma redu\u00e7\u00e3o de 18 para 12 pastas, corte de 1\/3 das secretarias, e que representar\u00e1 segundo a vis\u00e3o [&hellip;]<\/p>\n","protected":false},"author":3,"featured_media":6143,"comment_status":"open","ping_status":"open","sticky":false,"template":"","format":"standard","meta":[],"categories":[7,2],"tags":[45,1048,15],"_links":{"self":[{"href":"https:\/\/www.blogdomassinha.com.br\/v1\/wp-json\/wp\/v2\/posts\/6141"}],"collection":[{"href":"https:\/\/www.blogdomassinha.com.br\/v1\/wp-json\/wp\/v2\/posts"}],"about":[{"href":"https:\/\/www.blogdomassinha.com.br\/v1\/wp-json\/wp\/v2\/types\/post"}],"author":[{"embeddable":true,"href":"https:\/\/www.blogdomassinha.com.br\/v1\/wp-json\/wp\/v2\/users\/3"}],"replies":[{"embeddable":true,"href":"https:\/\/www.blogdomassinha.com.br\/v1\/wp-json\/wp\/v2\/comments?post=6141"}],"version-history":[{"count":1,"href":"https:\/\/www.blogdomassinha.com.br\/v1\/wp-json\/wp\/v2\/posts\/6141\/revisions"}],"predecessor-version":[{"id":6144,"href":"https:\/\/www.blogdomassinha.com.br\/v1\/wp-json\/wp\/v2\/posts\/6141\/revisions\/6144"}],"wp:featuredmedia":[{"embeddable":true,"href":"https:\/\/www.blogdomassinha.com.br\/v1\/wp-json\/wp\/v2\/media\/6143"}],"wp:attachment":[{"href":"https:\/\/www.blogdomassinha.com.br\/v1\/wp-json\/wp\/v2\/media?parent=6141"}],"wp:term":[{"taxonomy":"category","embeddable":true,"href":"https:\/\/www.blogdomassinha.com.br\/v1\/wp-json\/wp\/v2\/categories?post=6141"},{"taxonomy":"post_tag","embeddable":true,"href":"https:\/\/www.blogdomassinha.com.br\/v1\/wp-json\/wp\/v2\/tags?post=6141"}],"curies":[{"name":"wp","href":"https:\/\/api.w.org\/{rel}","templated":true}]}}