{"id":6134,"date":"2016-12-18T05:19:26","date_gmt":"2016-12-18T08:19:26","guid":{"rendered":"http:\/\/www.blogdomassinha.com.br\/v1\/?p=6134"},"modified":"2016-12-18T05:19:26","modified_gmt":"2016-12-18T08:19:26","slug":"conquista-secretarios-da-gestao-de-herzem-serao-anunciados-nesta-segunda-19","status":"publish","type":"post","link":"https:\/\/www.blogdomassinha.com.br\/v1\/2016\/12\/18\/conquista-secretarios-da-gestao-de-herzem-serao-anunciados-nesta-segunda-19\/","title":{"rendered":"Conquista: Secret\u00e1rios da gest\u00e3o de Herzem ser\u00e3o anunciados nesta segunda (19)"},"content":{"rendered":"<div id=\"attachment_5849\" style=\"width: 510px\" class=\"wp-caption aligncenter\"><a href=\"http:\/\/www.blogdomassinha.com.br\/v1\/wp-content\/uploads\/2016\/12\/H11.jpg\" class=\"gallery_colorbox\"><img aria-describedby=\"caption-attachment-5849\" loading=\"lazy\" class=\"wp-image-5849 size-full\" src=\"http:\/\/www.blogdomassinha.com.br\/v1\/wp-content\/uploads\/2016\/12\/H11.jpg\"  alt=\"h11\" width=\"500\" height=\"430\" srcset=\"https:\/\/www.blogdomassinha.com.br\/v1\/wp-content\/uploads\/2016\/12\/H11.jpg 500w, https:\/\/www.blogdomassinha.com.br\/v1\/wp-content\/uploads\/2016\/12\/H11-300x258.jpg 300w\" sizes=\"(max-width: 500px) 100vw, 500px\" \/><\/a><p id=\"caption-attachment-5849\" class=\"wp-caption-text\"><strong>Foto: Celso Rios<\/strong><\/p><\/div>\n<p style=\"text-align: justify;\">O an\u00fancio oficial dos nomes dos novos secret\u00e1rios da prefeitura municipal de Vit\u00f3ria da Conquista, que assumir\u00e3o seus cargos a partir de 01 de janeiro de 2017, ser\u00e1 feito \u00e0 partir das 11 horas da manh\u00e3 de segunda-feira (19), numa entrevista coletiva no Hotel Livramento Palace.<\/p>\n<p style=\"text-align: justify;\">O novo prefeito vai adotar um modelo de gest\u00e3o moderno e respons\u00e1vel, com foco na otimiza\u00e7\u00e3o dos recursos p\u00fablicos. Para isso escolheu cuidadosamente especialistas nas diversas \u00e1reas para formar o primeiro escal\u00e3o do governo municipal.<!--more--><\/p>\n<p style=\"text-align: justify;\">Uma das medidas adotadas, ser\u00e1 a redu\u00e7\u00e3o do n\u00famero de secretarias de 18 para 12, o que j\u00e1 representa uma economia de 1\/3 para os cofres p\u00fablicos.<strong> (Ascom Herzem Gusm\u00e3o)<\/strong><\/p>\n<p>&nbsp;<\/p>\n","protected":false},"excerpt":{"rendered":"<p>O an\u00fancio oficial dos nomes dos novos secret\u00e1rios da prefeitura municipal de Vit\u00f3ria da Conquista, que assumir\u00e3o seus cargos a partir de 01 de janeiro de 2017, ser\u00e1 feito \u00e0 partir das 11 horas da manh\u00e3 de segunda-feira (19), numa entrevista coletiva no Hotel Livramento Palace. O novo prefeito vai adotar um modelo de gest\u00e3o [&hellip;]<\/p>\n","protected":false},"author":3,"featured_media":5849,"comment_status":"open","ping_status":"open","sticky":false,"template":"","format":"standard","meta":[],"categories":[7,1],"tags":[],"_links":{"self":[{"href":"https:\/\/www.blogdomassinha.com.br\/v1\/wp-json\/wp\/v2\/posts\/6134"}],"collection":[{"href":"https:\/\/www.blogdomassinha.com.br\/v1\/wp-json\/wp\/v2\/posts"}],"about":[{"href":"https:\/\/www.blogdomassinha.com.br\/v1\/wp-json\/wp\/v2\/types\/post"}],"author":[{"embeddable":true,"href":"https:\/\/www.blogdomassinha.com.br\/v1\/wp-json\/wp\/v2\/users\/3"}],"replies":[{"embeddable":true,"href":"https:\/\/www.blogdomassinha.com.br\/v1\/wp-json\/wp\/v2\/comments?post=6134"}],"version-history":[{"count":1,"href":"https:\/\/www.blogdomassinha.com.br\/v1\/wp-json\/wp\/v2\/posts\/6134\/revisions"}],"predecessor-version":[{"id":6135,"href":"https:\/\/www.blogdomassinha.com.br\/v1\/wp-json\/wp\/v2\/posts\/6134\/revisions\/6135"}],"wp:featuredmedia":[{"embeddable":true,"href":"https:\/\/www.blogdomassinha.com.br\/v1\/wp-json\/wp\/v2\/media\/5849"}],"wp:attachment":[{"href":"https:\/\/www.blogdomassinha.com.br\/v1\/wp-json\/wp\/v2\/media?parent=6134"}],"wp:term":[{"taxonomy":"category","embeddable":true,"href":"https:\/\/www.blogdomassinha.com.br\/v1\/wp-json\/wp\/v2\/categories?post=6134"},{"taxonomy":"post_tag","embeddable":true,"href":"https:\/\/www.blogdomassinha.com.br\/v1\/wp-json\/wp\/v2\/tags?post=6134"}],"curies":[{"name":"wp","href":"https:\/\/api.w.org\/{rel}","templated":true}]}}