{"id":6126,"date":"2016-12-16T14:28:09","date_gmt":"2016-12-16T17:28:09","guid":{"rendered":"http:\/\/www.blogdomassinha.com.br\/v1\/?p=6126"},"modified":"2016-12-16T14:28:09","modified_gmt":"2016-12-16T17:28:09","slug":"conquista-memorial-camara-iniciara-atividades-na-proxima-segunda-19","status":"publish","type":"post","link":"https:\/\/www.blogdomassinha.com.br\/v1\/2016\/12\/16\/conquista-memorial-camara-iniciara-atividades-na-proxima-segunda-19\/","title":{"rendered":"Conquista: Memorial C\u00e2mara iniciar\u00e1 atividades na pr\u00f3xima segunda (19)"},"content":{"rendered":"<div id=\"attachment_6127\" style=\"width: 366px\" class=\"wp-caption aligncenter\"><a href=\"http:\/\/www.blogdomassinha.com.br\/v1\/wp-content\/uploads\/2016\/12\/0014.jpg\" class=\"gallery_colorbox\"><img aria-describedby=\"caption-attachment-6127\" loading=\"lazy\" class=\"wp-image-6127\" src=\"http:\/\/www.blogdomassinha.com.br\/v1\/wp-content\/uploads\/2016\/12\/0014.jpg\"  alt=\"001\" width=\"356\" height=\"307\" srcset=\"https:\/\/www.blogdomassinha.com.br\/v1\/wp-content\/uploads\/2016\/12\/0014.jpg 397w, https:\/\/www.blogdomassinha.com.br\/v1\/wp-content\/uploads\/2016\/12\/0014-300x258.jpg 300w\" sizes=\"(max-width: 356px) 100vw, 356px\" \/><\/a><p id=\"caption-attachment-6127\" class=\"wp-caption-text\"><strong>Foto: Divulga\u00e7\u00e3o \/ CMVC<\/strong><\/p><\/div>\n<p style=\"text-align: justify;\"><strong>Por CMVC<\/strong><\/p>\n<p style=\"text-align: justify;\">Com a proposta de abrigar a mem\u00f3ria hist\u00f3rica e cultural da C\u00e2mara Municipal de Vit\u00f3ria da Conquista (CMVC) e a do munic\u00edpio o Memorial C\u00e2mara, iniciativa da pr\u00f3pria CMVC, abrir\u00e1 as portas ao p\u00fablico na pr\u00f3xima segunda, 19, com a exposi\u00e7\u00e3o \u201cCenas Conquistenses \u2013 C\u00e2mara Municipal\u201d . O presidente da Casa, Gilzete Moreira (PSD), destacou a a\u00e7\u00e3o. \u201cTem sido um prazer, uma alegria, a concretiza\u00e7\u00e3o desse projeto da Mesa Diretora. [\u2026] Voc\u00ea sabe que a hist\u00f3ria quando n\u00e3o \u00e9 colocada no papel, a tend\u00eancia \u00e9 o esquecimento. Aqui vai ser um local muito agrad\u00e1vel para pesquisar todas as informa\u00e7\u00f5es do Legislativo\u201d, afirmou o presidente. Gilzete afirmou que tem esperan\u00e7a que \u201cos pr\u00f3ximos presidentes dessa Casa n\u00e3o deixem [o Memorial] ficar parado\u201d. A cerim\u00f4nia de abertura da exposi\u00e7\u00e3o est\u00e1 marcada para as 19h no Pr\u00e9dio Hist\u00f3rico da C\u00e2mara Municipal, Rua Zeferino Correia, n\u00ba 19, Centro, e \u00e9 aberta ao p\u00fablico.<!--more--><\/p>\n<p style=\"text-align: justify;\">O Memorial C\u00e2mara iniciar\u00e1 suas atividades como um projeto aberto. Segundo os profissionais envolvidos na iniciativa, a ideia \u00e9 abrir as portas ao p\u00fablico, a pesquisadores e historiadores para que projetos de pesquisa possam ser desenvolvidos de forma regular. O equipamento vai funcionar no antigo plen\u00e1rio da C\u00e2mara, no sobrado Maneca Santos. Na d\u00e9cada de 1960, o munic\u00edpio adquiriu o edif\u00edcio e o restaurou para servir de sede \u00e0 C\u00e2mara de Vereadores. Mesmo com a constru\u00e7\u00e3o de um pr\u00e9dio novo para o Legislativo, em 2002, na gest\u00e3o de Alexandre Pereira, o casar\u00e3o continuou a integrar a Casa. Ap\u00f3s uma reforma, conclu\u00edda em 2014, na gest\u00e3o de Fernando Jacar\u00e9, o antigo plen\u00e1rio foi totalmente revitalizado para abrigar o que viria a ser o Memorial C\u00e2mara.<\/p>\n<p style=\"text-align: justify;\">No in\u00edcio de 2015 foi criado um grupo de trabalho formado por servidores efetivos da Casa. A iniciativa partiu da pr\u00f3pria presid\u00eancia, encabe\u00e7ada por Gilzete Moreira, com o respaldo da Mesa Diretora e bancadas de Situa\u00e7\u00e3o e Oposi\u00e7\u00e3o. Inicialmente, buscou-se avaliar e sugerir propostas de gest\u00e3o para o Memorial da C\u00e2mara. Com base nos estudos do grupo de trabalho, a Mesa Diretora abra\u00e7ou a ideia do Memorial e no in\u00edcio de 2016 deu prosseguimento \u00e0 sua instala\u00e7\u00e3o. O mesmo grupo ganhou novos membros e passou a tocar o projeto por meio de pesquisa, parceria com o Arquivo P\u00fablico Municipal, visitas a outros memoriais e ao Arquivo P\u00fablico do Estado da Bahia para identifica\u00e7\u00e3o e coleta de documentos, realiza\u00e7\u00e3o de entrevistas e constru\u00e7\u00e3o de um s\u00edtio de internet. O projeto ainda contou com uma consultoria do historiador e coordenador do Arquivo P\u00fablico do Munic\u00edpio, Afonso Silvestre.<\/p>\n<p style=\"text-align: justify;\">Gilzete destacou e elogiou o trabalho de toda a Comiss\u00e3o que foi formada para realizar a pesquisa: \u201cParab\u00e9ns a todos que fizeram parte. Foram a Salvador para pesquisar. Mostra que nessa Casa temos pessoas de valores que pode fazer a diferen\u00e7a\u201d. A Comiss\u00e3o \u00e9 formada pelos funcion\u00e1rios Juliana Lima Santos, do Memorial; Luciana Oliveira, da Assessoria de Comunica\u00e7\u00e3o (ASCOM); Claudiana Botelho Bastos Dutra e Natan Cruz, da Procuradoria; Fabiana Prado e D\u00edlson Nunes, da Administra\u00e7\u00e3o; e Rannyel Abreu, da Secretaria Geral.<\/p>\n<p style=\"text-align: justify;\">A CMVC e a Comiss\u00e3o tamb\u00e9m ressaltam a importante colabora\u00e7\u00e3o de Afonso Silvestre que orientou a pesquisa. Outra importante colabora\u00e7\u00e3o foi do Museu Regional da Universidade Estadual do Sudoeste na Bahia (UESB), atrav\u00e9s da Professora Ana Cl\u00e1udia Rocha; e do professor, advogado, escritor e pesquisador, Ruy Medeiros. A Comiss\u00e3o ainda contou com colabora\u00e7\u00f5es do Arquivo P\u00fablico do Estado, do Memorial C\u00e2mara de Salvador e do MuNEAN \u2013 Museu Nacional de Enfermagem Ana N\u00e9ri.<\/p>\n<p style=\"text-align: justify;\">O Memorial vai trabalhar na reuni\u00e3o de originais e reprodu\u00e7\u00f5es de conjuntos arquiv\u00edsticos para disponibilizar ao p\u00fablico por meio de acervo digital. Ter\u00e1 por fun\u00e7\u00e3o a preserva\u00e7\u00e3o documental, apoio \u00e0 pesquisa, atra\u00e7\u00e3o de produ\u00e7\u00e3o documental de pessoas e entidades que atuam no seu campo e est\u00edmulo \u00e0 dissemina\u00e7\u00e3o de seus arquivos por meio de exposi\u00e7\u00f5es, publica\u00e7\u00f5es, produtos audiovisuais, acervos digitais entre outros.<\/p>\n<p style=\"text-align: justify;\">SERVI\u00c7O<br \/>\nExposi\u00e7\u00e3o \u201cCenas Conquistenses \u2013 C\u00e2mara Municipal\u201d \/ In\u00edcio das atividades do Memorial C\u00e2mara<br \/>\nData: 19 de dezembro<br \/>\nLocal: Pr\u00e9dio Hist\u00f3rico da C\u00e2mara Municipal. Rua Zeferino Correia, n\u00ba 19, Centro.<br \/>\nHor\u00e1rio: 19h<\/p>\n","protected":false},"excerpt":{"rendered":"<p>Por CMVC Com a proposta de abrigar a mem\u00f3ria hist\u00f3rica e cultural da C\u00e2mara Municipal de Vit\u00f3ria da Conquista (CMVC) e a do munic\u00edpio o Memorial C\u00e2mara, iniciativa da pr\u00f3pria CMVC, abrir\u00e1 as portas ao p\u00fablico na pr\u00f3xima segunda, 19, com a exposi\u00e7\u00e3o \u201cCenas Conquistenses \u2013 C\u00e2mara Municipal\u201d . O presidente da Casa, Gilzete Moreira [&hellip;]<\/p>\n","protected":false},"author":3,"featured_media":6127,"comment_status":"open","ping_status":"open","sticky":false,"template":"","format":"standard","meta":[],"categories":[7,3,1,2,6],"tags":[],"_links":{"self":[{"href":"https:\/\/www.blogdomassinha.com.br\/v1\/wp-json\/wp\/v2\/posts\/6126"}],"collection":[{"href":"https:\/\/www.blogdomassinha.com.br\/v1\/wp-json\/wp\/v2\/posts"}],"about":[{"href":"https:\/\/www.blogdomassinha.com.br\/v1\/wp-json\/wp\/v2\/types\/post"}],"author":[{"embeddable":true,"href":"https:\/\/www.blogdomassinha.com.br\/v1\/wp-json\/wp\/v2\/users\/3"}],"replies":[{"embeddable":true,"href":"https:\/\/www.blogdomassinha.com.br\/v1\/wp-json\/wp\/v2\/comments?post=6126"}],"version-history":[{"count":1,"href":"https:\/\/www.blogdomassinha.com.br\/v1\/wp-json\/wp\/v2\/posts\/6126\/revisions"}],"predecessor-version":[{"id":6128,"href":"https:\/\/www.blogdomassinha.com.br\/v1\/wp-json\/wp\/v2\/posts\/6126\/revisions\/6128"}],"wp:featuredmedia":[{"embeddable":true,"href":"https:\/\/www.blogdomassinha.com.br\/v1\/wp-json\/wp\/v2\/media\/6127"}],"wp:attachment":[{"href":"https:\/\/www.blogdomassinha.com.br\/v1\/wp-json\/wp\/v2\/media?parent=6126"}],"wp:term":[{"taxonomy":"category","embeddable":true,"href":"https:\/\/www.blogdomassinha.com.br\/v1\/wp-json\/wp\/v2\/categories?post=6126"},{"taxonomy":"post_tag","embeddable":true,"href":"https:\/\/www.blogdomassinha.com.br\/v1\/wp-json\/wp\/v2\/tags?post=6126"}],"curies":[{"name":"wp","href":"https:\/\/api.w.org\/{rel}","templated":true}]}}