{"id":58977,"date":"2026-09-06T09:05:15","date_gmt":"2026-09-06T12:05:15","guid":{"rendered":"https:\/\/www.blogdomassinha.com.br\/v1\/?p=58977"},"modified":"2026-09-06T09:05:15","modified_gmt":"2026-09-06T12:05:15","slug":"esechias-araujo-lima-recebe-o-titulo-de-presidente-de-honra-da-academia-conquistense-de-letras","status":"publish","type":"post","link":"https:\/\/www.blogdomassinha.com.br\/v1\/2026\/09\/06\/esechias-araujo-lima-recebe-o-titulo-de-presidente-de-honra-da-academia-conquistense-de-letras\/","title":{"rendered":"Esechias Ara\u00fajo Lima recebe o t\u00edtulo de Presidente de Honra da Academia Conquistense de Letras"},"content":{"rendered":"<p class=\"p2\"><span class=\"s1\"><img loading=\"lazy\" class=\"size-medium wp-image-58978 alignleft\" src=\"https:\/\/www.blogdomassinha.com.br\/v1\/wp-content\/uploads\/2026\/09\/de381e29-edae-4869-96e9-1cf37c1d02f9-300x296.jpeg\" alt=\"\" width=\"300\" height=\"296\" srcset=\"https:\/\/www.blogdomassinha.com.br\/v1\/wp-content\/uploads\/2026\/09\/de381e29-edae-4869-96e9-1cf37c1d02f9-300x296.jpeg 300w, https:\/\/www.blogdomassinha.com.br\/v1\/wp-content\/uploads\/2026\/09\/de381e29-edae-4869-96e9-1cf37c1d02f9.jpeg 506w\" sizes=\"(max-width: 300px) 100vw, 300px\" \/><br \/>\nA C\u00e2mara de Vereadores realizou uma sess\u00e3o solene mista muito especial na \u00faltima quarta-feira, quando o presidente da nossa Casa Legislativa, Ivan Cordeiro, convidou a Academia Conquistense de Letras para comemorar os seus 46 anos de exist\u00eancia e de servi\u00e7os prestados \u00e0 nossa literatura, \u00e0 nossa cultura e \u00e0 nossa arte.<\/span><\/p>\n<p class=\"p2\"><span class=\"s1\">Uma homenagem, sobretudo, aos escritores da nossa cidade, que s\u00e3o muitos.<\/span><\/p>\n<p class=\"p2\"><span class=\"s1\">Muitos j\u00e1 partiram, mas permanecem entre n\u00f3s grandes nomes da literatura conquistense. E, ao mesmo tempo, novos talentos v\u00e3o surgindo e, naturalmente, encontrando espa\u00e7o para tamb\u00e9m compor e renovar a nossa Academia de Letras.<\/span><\/p>\n<p class=\"p2\"><span class=\"s1\">O Plen\u00e1rio Carmen L\u00facia ficou completamente tomado por escritores, acad\u00eamicos, ex-presidentes da Academia, confrades e pessoas que fazem parte da hist\u00f3ria desta importante institui\u00e7\u00e3o cultural de Vit\u00f3ria da Conquista. Na mesa, representa\u00e7\u00f5es importantes da nossa cultura mostravam a dimens\u00e3o daquela solenidade. N\u00e3o foram poucas as pessoas que estiveram por l\u00e1.<\/span><\/p>\n<p class=\"p2\"><span class=\"s1\">Ouvimos, inclusive, elogios reiterados por parte dos vereadores, notadamente do presidente Ivan Cordeiro e de representantes das bancadas de situa\u00e7\u00e3o e de oposi\u00e7\u00e3o. Por unanimidade, reconheceram a import\u00e2ncia da Academia Conquistense de Letras para a cultura e para a mem\u00f3ria da nossa cidade.<\/span><\/p>\n<p class=\"p2\"><span class=\"s1\">Foi uma manh\u00e3 bonita, festiva, imponente e que, sem d\u00favida alguma, ficar\u00e1 registrada nos anais da Casa do Povo, a nossa C\u00e2mara Municipal.<\/span><!--more--><\/p>\n<p class=\"p2\"><span class=\"s1\">Mas, entre tantos momentos especiais, um merece um registro \u00e0 parte.<\/span><span class=\"s2\"> Esechias Ara\u00fajo Lima foi condecorado, com muita justi\u00e7a, pela Academia Conquistense de Letras com o t\u00edtulo de Presidente de Honra<\/span><span class=\"s1\">, em reconhecimento \u00e0 sua disponibilidade, \u00e0 sua dedica\u00e7\u00e3o e \u00e0 sua participa\u00e7\u00e3o incondicional na vida da institui\u00e7\u00e3o.<\/span><\/p>\n<p class=\"p2\"><span class=\"s1\">Faz-se justi\u00e7a a um grande nome. <\/span><span class=\"s2\">Esechias<\/span><span class=\"s1\"> \u00e9, sem d\u00favida alguma, uma das figuras mais respeitadas da nossa cultura, um homem de conhecimento, intelig\u00eancia e enorme contribui\u00e7\u00e3o \u00e0 literatura conquistense.<\/span><\/p>\n<p class=\"p2\"><span class=\"s1\">E eu n\u00e3o esque\u00e7o de uma coisa que o professor Durval costuma dizer. E olha que o professor Durval \u00e9 um catedr\u00e1tico, escritor, memorialista e historiador: os seus livros s\u00f3 s\u00e3o publicados depois de passarem pela leitura e pela corre\u00e7\u00e3o de <\/span><span class=\"s2\">Esechias<\/span><span class=\"s1\"> Ara\u00fajo.<\/span><\/p>\n<p class=\"p2\"><span class=\"s1\">Isso diz muito. Diz sobre conhecimento, confian\u00e7a, compet\u00eancia e, sobretudo, sobre o respeito conquistado por <\/span><span class=\"s2\">Esechias<\/span><span class=\"s1\"> ao longo de tantos anos dedicados \u00e0s letras e \u00e0 cultura.<\/span><\/p>\n<p class=\"p2\"><span class=\"s1\">Parab\u00e9ns, <\/span><span class=\"s2\">Esechias<\/span><span class=\"s1\">! Parab\u00e9ns, Vit\u00f3ria da Conquista! Parab\u00e9ns, Academia Conquistense de Letras!<\/span><\/p>\n<p class=\"p2\"><span class=\"s1\">Voc\u00eas fizeram justi\u00e7a ao reconhecer essa grande figura humana, esse homem de rara intelig\u00eancia e de enorme contribui\u00e7\u00e3o para a nossa cultura.<\/span><\/p>\n<p class=\"p2\"><span class=\"s2\">Esechias Ara\u00fajo Lima, Presidente de Honra da Academia Conquistense de Letras. Um t\u00edtulo mais do que merecido!<\/span><\/p>\n","protected":false},"excerpt":{"rendered":"<p>A C\u00e2mara de Vereadores realizou uma sess\u00e3o solene mista muito especial na \u00faltima quarta-feira, quando o presidente da nossa Casa Legislativa, Ivan Cordeiro, convidou a Academia Conquistense de Letras para comemorar os seus 46 anos de exist\u00eancia e de servi\u00e7os prestados \u00e0 nossa literatura, \u00e0 nossa cultura e \u00e0 nossa arte. Uma homenagem, sobretudo, aos [&hellip;]<\/p>\n","protected":false},"author":3,"featured_media":58978,"comment_status":"open","ping_status":"open","sticky":false,"template":"","format":"standard","meta":[],"categories":[7,1],"tags":[],"_links":{"self":[{"href":"https:\/\/www.blogdomassinha.com.br\/v1\/wp-json\/wp\/v2\/posts\/58977"}],"collection":[{"href":"https:\/\/www.blogdomassinha.com.br\/v1\/wp-json\/wp\/v2\/posts"}],"about":[{"href":"https:\/\/www.blogdomassinha.com.br\/v1\/wp-json\/wp\/v2\/types\/post"}],"author":[{"embeddable":true,"href":"https:\/\/www.blogdomassinha.com.br\/v1\/wp-json\/wp\/v2\/users\/3"}],"replies":[{"embeddable":true,"href":"https:\/\/www.blogdomassinha.com.br\/v1\/wp-json\/wp\/v2\/comments?post=58977"}],"version-history":[{"count":1,"href":"https:\/\/www.blogdomassinha.com.br\/v1\/wp-json\/wp\/v2\/posts\/58977\/revisions"}],"predecessor-version":[{"id":58979,"href":"https:\/\/www.blogdomassinha.com.br\/v1\/wp-json\/wp\/v2\/posts\/58977\/revisions\/58979"}],"wp:featuredmedia":[{"embeddable":true,"href":"https:\/\/www.blogdomassinha.com.br\/v1\/wp-json\/wp\/v2\/media\/58978"}],"wp:attachment":[{"href":"https:\/\/www.blogdomassinha.com.br\/v1\/wp-json\/wp\/v2\/media?parent=58977"}],"wp:term":[{"taxonomy":"category","embeddable":true,"href":"https:\/\/www.blogdomassinha.com.br\/v1\/wp-json\/wp\/v2\/categories?post=58977"},{"taxonomy":"post_tag","embeddable":true,"href":"https:\/\/www.blogdomassinha.com.br\/v1\/wp-json\/wp\/v2\/tags?post=58977"}],"curies":[{"name":"wp","href":"https:\/\/api.w.org\/{rel}","templated":true}]}}