{"id":58973,"date":"2026-09-06T08:59:12","date_gmt":"2026-09-06T11:59:12","guid":{"rendered":"https:\/\/www.blogdomassinha.com.br\/v1\/?p=58973"},"modified":"2026-09-06T08:59:12","modified_gmt":"2026-09-06T11:59:12","slug":"rui-costa-e-jaques-wagner-participaram-de-evento-em-itapetinga-e-prometem-recuperar-o-tempo-perdido-afirmam","status":"publish","type":"post","link":"https:\/\/www.blogdomassinha.com.br\/v1\/2026\/09\/06\/rui-costa-e-jaques-wagner-participaram-de-evento-em-itapetinga-e-prometem-recuperar-o-tempo-perdido-afirmam\/","title":{"rendered":"Rui Costa e Jaques Wagner participaram de evento em Itapetinga e prometem \u201crecuperar o tempo perdido\u201d, afirmam"},"content":{"rendered":"<p><img loading=\"lazy\" class=\"alignright size-medium wp-image-58974\" src=\"https:\/\/www.blogdomassinha.com.br\/v1\/wp-content\/uploads\/2026\/09\/683837ae-8098-43e3-8ebf-85147b467ba5-300x200.jpeg\" alt=\"\" width=\"300\" height=\"200\" srcset=\"https:\/\/www.blogdomassinha.com.br\/v1\/wp-content\/uploads\/2026\/09\/683837ae-8098-43e3-8ebf-85147b467ba5-300x200.jpeg 300w, https:\/\/www.blogdomassinha.com.br\/v1\/wp-content\/uploads\/2026\/09\/683837ae-8098-43e3-8ebf-85147b467ba5.jpeg 600w\" sizes=\"(max-width: 300px) 100vw, 300px\" \/><\/p>\n<p class=\"p2\"><span class=\"s1\">A vizinha cidade de Itapetinga, a cerca de 100 quil\u00f4metros de Vit\u00f3ria da Conquista, mant\u00e9m h\u00e1 muito tempo uma rela\u00e7\u00e3o muito estreita com a nossa cidade. At\u00e9 porque s\u00e3o dois munic\u00edpios que t\u00eam uma hist\u00f3ria fortemente ligada \u00e0 cria\u00e7\u00e3o de gado e que tiveram, durante d\u00e9cadas, e ainda t\u00eam, \u00e9 claro, a pecu\u00e1ria como uma das suas grandes for\u00e7as econ\u00f4micas.<\/span><\/p>\n<p class=\"p2\"><span class=\"s1\">E l\u00e1 existe uma fam\u00edlia que faz parte da hist\u00f3ria pol\u00edtica de Itapetinga: a fam\u00edlia Hagge, cujo grande l\u00edder foi o ex-prefeito e ex-deputado Michel Hagge. O legado pol\u00edtico permaneceu na fam\u00edlia, passando pela sua filha Virg\u00ednia Hagge e chegando ao neto Rodrigo Hagge, que foi prefeito por dois mandatos, eleito e reeleito.<\/span><\/p>\n<p class=\"p2\"><span class=\"s1\">Na sucess\u00e3o, Eduardo Hagge, primo de Rodrigo, foi escolhido para dar continuidade ao grupo pol\u00edtico. Mas a pol\u00edtica \u00e9 tamb\u00e9m um ambiente onde as diverg\u00eancias acontecem, inclusive dentro da pr\u00f3pria fam\u00edlia. E exemplos n\u00e3o faltam pelo Brasil afora.<\/span><\/p>\n<p class=\"p2\"><span class=\"s1\">Aqui na Bahia sabemos muito bem disso. Em Vit\u00f3ria da Conquista tamb\u00e9m j\u00e1 conhecemos desaven\u00e7as pol\u00edticas envolvendo pessoas de uma mesma fam\u00edlia. Isso n\u00e3o significa necessariamente que se tornaram inimigas, mas os caminhos pol\u00edticos, em determinados momentos, podem tomar rumos diferentes.<\/span><\/p>\n<p class=\"p2\"><span class=\"s1\">E \u00e9 justamente o que acontece agora em Itapetinga.<\/span><\/p>\n<p class=\"p2\"><span class=\"s1\">O ex-prefeito Rodrigo Hagge, por exemplo, apoia o candidato a deputado estadual lan\u00e7ado pelo grupo da prefeita Sheila Lemos, o advogado Wagner Alves, e vem caminhando, participando de encontros e fazendo visitas por outros munic\u00edpios com o objetivo de fortalecer a candidatura do ex-procurador da C\u00e2mara e tamb\u00e9m ex-procurador do Munic\u00edpio de Vit\u00f3ria da Conquista.<\/span><!--more--><\/p>\n<p class=\"p2\"><span class=\"s1\">Do outro lado, a movimenta\u00e7\u00e3o tamb\u00e9m \u00e9 intensa.<\/span><\/p>\n<p class=\"p2\"><span class=\"s1\">Jer\u00f4nimo Rodrigues j\u00e1 esteve por l\u00e1. E agora estiveram em Itapetinga dois importantes nomes da chapa majorit\u00e1ria: Jaques Wagner, que busca a reelei\u00e7\u00e3o para o Senado, e Rui Costa, ex-governador da Bahia, que disputa uma cadeira no Senado.<\/span><\/p>\n<p class=\"p2\"><span class=\"s1\">A movimenta\u00e7\u00e3o foi grande. E, durante os discursos, Rui e Wagner afirmaram que pretendem \u201crecuperar o tempo perdido\u201d, numa clara refer\u00eancia ao novo cen\u00e1rio pol\u00edtico vivido em Itapetinga e ao posicionamento adotado pelo ex-prefeito Rodrigo Hagge.<\/span><\/p>\n<p class=\"p2\"><span class=\"s1\">Portanto, meus amigos, estamos acompanhando tudo.<\/span><\/p>\n<p class=\"p2\"><span class=\"s1\">Faltam apenas 28 dias para as elei\u00e7\u00f5es e, a cada dia que passa, percebemos uma campanha mais intensa, mais movimentada e com os grupos pol\u00edticos buscando ocupar todos os espa\u00e7os poss\u00edveis.<\/span><\/p>\n<p class=\"p2\"><span class=\"s1\">Itapetinga entrou definitivamente nesse tabuleiro. De um lado, antigas alian\u00e7as tomando novos rumos; do outro, lideran\u00e7as importantes tentando reorganizar suas for\u00e7as. \u00c9 a pol\u00edtica mostrando, mais uma vez, que nada permanece parado por muito tempo.<\/span><\/p>\n<p class=\"p2\"><span class=\"s1\">Acompanhem a nossa mat\u00e9ria e observem tamb\u00e9m as fotografias da passagem de Jaques Wagner e Rui Costa pela vizinha cidade de Itapetinga.<\/span><\/p>\n\n\t\t<style type=\"text\/css\">\n\t\t\t#gallery-1 {\n\t\t\t\tmargin: auto;\n\t\t\t}\n\t\t\t#gallery-1 .gallery-item {\n\t\t\t\tfloat: left;\n\t\t\t\tmargin-top: 10px;\n\t\t\t\ttext-align: center;\n\t\t\t\twidth: 33%;\n\t\t\t}\n\t\t\t#gallery-1 img {\n\t\t\t\tborder: 2px solid #cfcfcf;\n\t\t\t}\n\t\t\t#gallery-1 .gallery-caption {\n\t\t\t\tmargin-left: 0;\n\t\t\t}\n\t\t\t\/* see gallery_shortcode() in wp-includes\/media.php *\/\n\t\t<\/style>\n\t\t<div id='gallery-1' class='gallery galleryid-58973 gallery-columns-3 gallery-size-thumbnail'><dl class='gallery-item'>\n\t\t\t<dt class='gallery-icon landscape'>\n\t\t\t\t<a href=\"https:\/\/www.blogdomassinha.com.br\/v1\/wp-content\/uploads\/2026\/09\/683837ae-8098-43e3-8ebf-85147b467ba5.jpeg\" class=\"gallery_colorbox\"><img width=\"150\" height=\"150\" src=\"https:\/\/www.blogdomassinha.com.br\/v1\/wp-content\/uploads\/2026\/09\/683837ae-8098-43e3-8ebf-85147b467ba5-150x150.jpeg\"  class=\"attachment-thumbnail size-thumbnail\" alt=\"\" loading=\"lazy\" \/><\/a>\n\t\t\t<\/dt><\/dl><dl class='gallery-item'>\n\t\t\t<dt class='gallery-icon landscape'>\n\t\t\t\t<a href=\"https:\/\/www.blogdomassinha.com.br\/v1\/wp-content\/uploads\/2026\/09\/a2771d54-fe52-4928-be68-c9e836913fb3.jpeg\" class=\"gallery_colorbox\"><img width=\"150\" height=\"150\" src=\"https:\/\/www.blogdomassinha.com.br\/v1\/wp-content\/uploads\/2026\/09\/a2771d54-fe52-4928-be68-c9e836913fb3-150x150.jpeg\"  class=\"attachment-thumbnail size-thumbnail\" alt=\"\" loading=\"lazy\" \/><\/a>\n\t\t\t<\/dt><\/dl>\n\t\t\t<br style='clear: both' \/>\n\t\t<\/div>\n\n","protected":false},"excerpt":{"rendered":"<p>A vizinha cidade de Itapetinga, a cerca de 100 quil\u00f4metros de Vit\u00f3ria da Conquista, mant\u00e9m h\u00e1 muito tempo uma rela\u00e7\u00e3o muito estreita com a nossa cidade. At\u00e9 porque s\u00e3o dois munic\u00edpios que t\u00eam uma hist\u00f3ria fortemente ligada \u00e0 cria\u00e7\u00e3o de gado e que tiveram, durante d\u00e9cadas, e ainda t\u00eam, \u00e9 claro, a pecu\u00e1ria como uma [&hellip;]<\/p>\n","protected":false},"author":3,"featured_media":58974,"comment_status":"open","ping_status":"open","sticky":false,"template":"","format":"standard","meta":[],"categories":[7,2],"tags":[],"_links":{"self":[{"href":"https:\/\/www.blogdomassinha.com.br\/v1\/wp-json\/wp\/v2\/posts\/58973"}],"collection":[{"href":"https:\/\/www.blogdomassinha.com.br\/v1\/wp-json\/wp\/v2\/posts"}],"about":[{"href":"https:\/\/www.blogdomassinha.com.br\/v1\/wp-json\/wp\/v2\/types\/post"}],"author":[{"embeddable":true,"href":"https:\/\/www.blogdomassinha.com.br\/v1\/wp-json\/wp\/v2\/users\/3"}],"replies":[{"embeddable":true,"href":"https:\/\/www.blogdomassinha.com.br\/v1\/wp-json\/wp\/v2\/comments?post=58973"}],"version-history":[{"count":1,"href":"https:\/\/www.blogdomassinha.com.br\/v1\/wp-json\/wp\/v2\/posts\/58973\/revisions"}],"predecessor-version":[{"id":58976,"href":"https:\/\/www.blogdomassinha.com.br\/v1\/wp-json\/wp\/v2\/posts\/58973\/revisions\/58976"}],"wp:featuredmedia":[{"embeddable":true,"href":"https:\/\/www.blogdomassinha.com.br\/v1\/wp-json\/wp\/v2\/media\/58974"}],"wp:attachment":[{"href":"https:\/\/www.blogdomassinha.com.br\/v1\/wp-json\/wp\/v2\/media?parent=58973"}],"wp:term":[{"taxonomy":"category","embeddable":true,"href":"https:\/\/www.blogdomassinha.com.br\/v1\/wp-json\/wp\/v2\/categories?post=58973"},{"taxonomy":"post_tag","embeddable":true,"href":"https:\/\/www.blogdomassinha.com.br\/v1\/wp-json\/wp\/v2\/tags?post=58973"}],"curies":[{"name":"wp","href":"https:\/\/api.w.org\/{rel}","templated":true}]}}