{"id":58966,"date":"2026-09-06T08:54:23","date_gmt":"2026-09-06T11:54:23","guid":{"rendered":"https:\/\/www.blogdomassinha.com.br\/v1\/?p=58966"},"modified":"2026-09-06T08:54:23","modified_gmt":"2026-09-06T11:54:23","slug":"wagner-alves-acompanhado-da-prefeita-sheila-secretarios-vereadores-e-apoiadores-foi-pra-feira-sentir-o-calor-do-povo","status":"publish","type":"post","link":"https:\/\/www.blogdomassinha.com.br\/v1\/2026\/09\/06\/wagner-alves-acompanhado-da-prefeita-sheila-secretarios-vereadores-e-apoiadores-foi-pra-feira-sentir-o-calor-do-povo\/","title":{"rendered":"Wagner Alves, acompanhado da prefeita Sheila, secret\u00e1rios, vereadores e apoiadores, foi pra feira sentir o calor do povo"},"content":{"rendered":"<p class=\"p1\"><span class=\"s1\"><img loading=\"lazy\" class=\"size-medium wp-image-58971 alignleft\" src=\"https:\/\/www.blogdomassinha.com.br\/v1\/wp-content\/uploads\/2026\/09\/8ff5740b-717b-4bfd-8e86-0743f8a81f46-300x225.jpeg\" alt=\"\" width=\"300\" height=\"225\" srcset=\"https:\/\/www.blogdomassinha.com.br\/v1\/wp-content\/uploads\/2026\/09\/8ff5740b-717b-4bfd-8e86-0743f8a81f46-300x225.jpeg 300w, https:\/\/www.blogdomassinha.com.br\/v1\/wp-content\/uploads\/2026\/09\/8ff5740b-717b-4bfd-8e86-0743f8a81f46.jpeg 600w\" sizes=\"(max-width: 300px) 100vw, 300px\" \/><br \/>\nOntem, s\u00e1bado, dia 5, o candidato a deputado estadual Wagner Alves deixou um pouco as reuni\u00f5es nos sal\u00f5es, os encontros nos bairros e foi para onde o povo est\u00e1: foi para a feira. Foi para o CEASA, aqui no centro de Vit\u00f3ria da Conquista.<\/span><\/p>\n<p class=\"p1\"><span class=\"s1\">Depois de percorrer algumas ruas centrais, Wagner chegou ao CEASA, um lugar que podemos dizer, sem medo de errar, que \u00e9 um verdadeiro patrim\u00f4nio de Vit\u00f3ria da Conquista. A nossa feira livre, aquele mercad\u00e3o que j\u00e1 foi palco de tantos encontros, de tantos com\u00edcios, de tanta hist\u00f3ria pol\u00edtica da nossa cidade.<\/span><\/p>\n<p class=\"p1\"><span class=\"s1\">E foi ali para sentir de perto o calor do povo. Conversou com as pessoas, com a gente simples, com os barraqueiros, vendedores de biscoito, comerciantes e tamb\u00e9m com aqueles que v\u00e3o fazer a feira. Porque a feira \u00e9 isso: \u00e9 encontro, \u00e9 festa, \u00e9 movimento, \u00e9 conversa. E ali, sem d\u00favida alguma, o candidato pode perceber de perto a rea\u00e7\u00e3o das pessoas e fazer uma avalia\u00e7\u00e3o da sua aceita\u00e7\u00e3o junto \u00e0 popula\u00e7\u00e3o.<\/span><\/p>\n<p class=\"p1\"><span class=\"s1\">Quem quer realmente conquistar o apoio popular n\u00e3o pode ficar apenas em reuni\u00f5es fechadas, dentro de salas ou gabinetes. \u00c9 preciso, sobretudo, ir para as ruas, para as avenidas, conversar com a popula\u00e7\u00e3o, olhar olho no olho e ouvir.<\/span><\/p>\n<p class=\"p1\"><span class=\"s1\">E ontem foi um dia especial para Wagner Alves, que vem mostrando que n\u00e3o tem hora para sair em busca do voto. E voto, meus amigos, vale ouro.<\/span><!--more--><\/p>\n<p class=\"p1\"><span class=\"s1\">S\u00f3 conquista o voto aquele que n\u00e3o tem pregui\u00e7a, que n\u00e3o fica olhando para o rel\u00f3gio, que entende que, numa campanha eleitoral, muitas vezes n\u00e3o existe hora para dormir, almo\u00e7ar ou tomar caf\u00e9. A prioridade \u00e9 estar em contato direto com a popula\u00e7\u00e3o, ouvir o que ela pensa e compreender aquilo que espera dos seus representantes.<\/span><\/p>\n<p class=\"p1\"><span class=\"s1\">Porque, no sil\u00eancio de um gabinete e na limita\u00e7\u00e3o de uma sala fechada, n\u00e3o \u00e9 poss\u00edvel medir a temperatura das ruas. \u00c9 no meio do povo que o candidato ouve, sem filtros, aquilo que a popula\u00e7\u00e3o pensa sobre a cidade, sobre a pol\u00edtica e sobre o que poder\u00e1 acontecer no pr\u00f3ximo dia 4 de outubro.<\/span><\/p>\n<p class=\"p1\"><span class=\"s1\">E isso vale para todos os candidatos. Todos. Principalmente para aqueles que fazem quest\u00e3o de dizer que representam Vit\u00f3ria da Conquista, seja porque nasceram aqui, porque aqui vivem ou porque assumem o compromisso de defender verdadeiramente as demandas da nossa cidade e da nossa regi\u00e3o.<\/span><\/p>\n<p class=\"p1\"><span class=\"s1\">Wagner Alves esteve acompanhado da prefeita Sheila Lemos, secret\u00e1rios municipais, vereadores, apoiadores e integrantes da sua campanha. Foi para a feira, caminhou, conversou e sentiu de perto aquilo que nenhum gabinete consegue reproduzir: o calor do povo.<\/span><\/p>\n<p class=\"p1\"><span class=\"s1\">Fica, portanto, o registro.<\/span><\/p>\n<p class=\"p1\"><span class=\"s1\">E a movimenta\u00e7\u00e3o pol\u00edtica n\u00e3o para. Na manh\u00e3 de hoje, Vit\u00f3ria da Conquista ter\u00e1 novamente suas ruas movimentadas, desta vez com a presen\u00e7a do candidato da oposi\u00e7\u00e3o ao Governo da Bahia, ACM Neto, que participa de um grande ato pol\u00edtico pela cidade.<\/span><\/p>\n<p class=\"p1\"><span class=\"s1\">A campanha entrou definitivamente nas ruas. E quem quiser o voto ter\u00e1 que ir onde ele est\u00e1: no meio do povo.<\/span><\/p>\n\n\t\t<style type=\"text\/css\">\n\t\t\t#gallery-1 {\n\t\t\t\tmargin: auto;\n\t\t\t}\n\t\t\t#gallery-1 .gallery-item {\n\t\t\t\tfloat: left;\n\t\t\t\tmargin-top: 10px;\n\t\t\t\ttext-align: center;\n\t\t\t\twidth: 33%;\n\t\t\t}\n\t\t\t#gallery-1 img {\n\t\t\t\tborder: 2px solid #cfcfcf;\n\t\t\t}\n\t\t\t#gallery-1 .gallery-caption {\n\t\t\t\tmargin-left: 0;\n\t\t\t}\n\t\t\t\/* see gallery_shortcode() in wp-includes\/media.php *\/\n\t\t<\/style>\n\t\t<div id='gallery-1' class='gallery galleryid-58966 gallery-columns-3 gallery-size-thumbnail'><dl class='gallery-item'>\n\t\t\t<dt class='gallery-icon landscape'>\n\t\t\t\t<a href=\"https:\/\/www.blogdomassinha.com.br\/v1\/wp-content\/uploads\/2026\/09\/e50185af-41e2-4fe3-82b0-35b7b97de2d0.jpeg\" class=\"gallery_colorbox\"><img width=\"150\" height=\"150\" src=\"https:\/\/www.blogdomassinha.com.br\/v1\/wp-content\/uploads\/2026\/09\/e50185af-41e2-4fe3-82b0-35b7b97de2d0-150x150.jpeg\"  class=\"attachment-thumbnail size-thumbnail\" alt=\"\" loading=\"lazy\" \/><\/a>\n\t\t\t<\/dt><\/dl><dl class='gallery-item'>\n\t\t\t<dt class='gallery-icon landscape'>\n\t\t\t\t<a href=\"https:\/\/www.blogdomassinha.com.br\/v1\/wp-content\/uploads\/2026\/09\/0903b7c4-4ede-48de-b901-46d41e7d4da1.jpeg\" class=\"gallery_colorbox\"><img width=\"150\" height=\"150\" src=\"https:\/\/www.blogdomassinha.com.br\/v1\/wp-content\/uploads\/2026\/09\/0903b7c4-4ede-48de-b901-46d41e7d4da1-150x150.jpeg\"  class=\"attachment-thumbnail size-thumbnail\" alt=\"\" loading=\"lazy\" \/><\/a>\n\t\t\t<\/dt><\/dl><dl class='gallery-item'>\n\t\t\t<dt class='gallery-icon landscape'>\n\t\t\t\t<a href=\"https:\/\/www.blogdomassinha.com.br\/v1\/wp-content\/uploads\/2026\/09\/42a62a98-e559-4bc9-898a-142f8f16a7a3.jpeg\" class=\"gallery_colorbox\"><img width=\"150\" height=\"150\" src=\"https:\/\/www.blogdomassinha.com.br\/v1\/wp-content\/uploads\/2026\/09\/42a62a98-e559-4bc9-898a-142f8f16a7a3-150x150.jpeg\"  class=\"attachment-thumbnail size-thumbnail\" alt=\"\" loading=\"lazy\" \/><\/a>\n\t\t\t<\/dt><\/dl><br style=\"clear: both\" \/><dl class='gallery-item'>\n\t\t\t<dt class='gallery-icon landscape'>\n\t\t\t\t<a href=\"https:\/\/www.blogdomassinha.com.br\/v1\/wp-content\/uploads\/2026\/09\/fc564bbf-a13e-48da-bd52-72b3a028b310.jpeg\" class=\"gallery_colorbox\"><img width=\"150\" height=\"150\" src=\"https:\/\/www.blogdomassinha.com.br\/v1\/wp-content\/uploads\/2026\/09\/fc564bbf-a13e-48da-bd52-72b3a028b310-150x150.jpeg\"  class=\"attachment-thumbnail size-thumbnail\" alt=\"\" loading=\"lazy\" \/><\/a>\n\t\t\t<\/dt><\/dl><dl class='gallery-item'>\n\t\t\t<dt class='gallery-icon landscape'>\n\t\t\t\t<a href=\"https:\/\/www.blogdomassinha.com.br\/v1\/wp-content\/uploads\/2026\/09\/8ff5740b-717b-4bfd-8e86-0743f8a81f46.jpeg\" class=\"gallery_colorbox\"><img width=\"150\" height=\"150\" src=\"https:\/\/www.blogdomassinha.com.br\/v1\/wp-content\/uploads\/2026\/09\/8ff5740b-717b-4bfd-8e86-0743f8a81f46-150x150.jpeg\"  class=\"attachment-thumbnail size-thumbnail\" alt=\"\" loading=\"lazy\" \/><\/a>\n\t\t\t<\/dt><\/dl>\n\t\t\t<br style='clear: both' \/>\n\t\t<\/div>\n\n","protected":false},"excerpt":{"rendered":"<p>Ontem, s\u00e1bado, dia 5, o candidato a deputado estadual Wagner Alves deixou um pouco as reuni\u00f5es nos sal\u00f5es, os encontros nos bairros e foi para onde o povo est\u00e1: foi para a feira. Foi para o CEASA, aqui no centro de Vit\u00f3ria da Conquista. Depois de percorrer algumas ruas centrais, Wagner chegou ao CEASA, um [&hellip;]<\/p>\n","protected":false},"author":3,"featured_media":58971,"comment_status":"open","ping_status":"open","sticky":false,"template":"","format":"standard","meta":[],"categories":[7,2],"tags":[],"_links":{"self":[{"href":"https:\/\/www.blogdomassinha.com.br\/v1\/wp-json\/wp\/v2\/posts\/58966"}],"collection":[{"href":"https:\/\/www.blogdomassinha.com.br\/v1\/wp-json\/wp\/v2\/posts"}],"about":[{"href":"https:\/\/www.blogdomassinha.com.br\/v1\/wp-json\/wp\/v2\/types\/post"}],"author":[{"embeddable":true,"href":"https:\/\/www.blogdomassinha.com.br\/v1\/wp-json\/wp\/v2\/users\/3"}],"replies":[{"embeddable":true,"href":"https:\/\/www.blogdomassinha.com.br\/v1\/wp-json\/wp\/v2\/comments?post=58966"}],"version-history":[{"count":1,"href":"https:\/\/www.blogdomassinha.com.br\/v1\/wp-json\/wp\/v2\/posts\/58966\/revisions"}],"predecessor-version":[{"id":58972,"href":"https:\/\/www.blogdomassinha.com.br\/v1\/wp-json\/wp\/v2\/posts\/58966\/revisions\/58972"}],"wp:featuredmedia":[{"embeddable":true,"href":"https:\/\/www.blogdomassinha.com.br\/v1\/wp-json\/wp\/v2\/media\/58971"}],"wp:attachment":[{"href":"https:\/\/www.blogdomassinha.com.br\/v1\/wp-json\/wp\/v2\/media?parent=58966"}],"wp:term":[{"taxonomy":"category","embeddable":true,"href":"https:\/\/www.blogdomassinha.com.br\/v1\/wp-json\/wp\/v2\/categories?post=58966"},{"taxonomy":"post_tag","embeddable":true,"href":"https:\/\/www.blogdomassinha.com.br\/v1\/wp-json\/wp\/v2\/tags?post=58966"}],"curies":[{"name":"wp","href":"https:\/\/api.w.org\/{rel}","templated":true}]}}