{"id":58962,"date":"2026-09-06T08:49:34","date_gmt":"2026-09-06T11:49:34","guid":{"rendered":"https:\/\/www.blogdomassinha.com.br\/v1\/?p=58962"},"modified":"2026-09-06T08:49:34","modified_gmt":"2026-09-06T11:49:34","slug":"hoje-tem-carreata-com-acm-neto-pelas-ruas-de-conquista-ato-acontece-a-menos-de-30-dias-da-eleicao","status":"publish","type":"post","link":"https:\/\/www.blogdomassinha.com.br\/v1\/2026\/09\/06\/hoje-tem-carreata-com-acm-neto-pelas-ruas-de-conquista-ato-acontece-a-menos-de-30-dias-da-eleicao\/","title":{"rendered":"Hoje tem carreata com ACM Neto pelas ruas de Conquista. Ato acontece a menos de 30 dias da elei\u00e7\u00e3o"},"content":{"rendered":"<p class=\"p2\"><span class=\"s1\"><img loading=\"lazy\" class=\"alignright size-medium wp-image-58963\" src=\"https:\/\/www.blogdomassinha.com.br\/v1\/wp-content\/uploads\/2026\/09\/e116c5f8-85b5-4124-b715-8195c042d5f5-169x300.jpeg\" alt=\"\" width=\"169\" height=\"300\" srcset=\"https:\/\/www.blogdomassinha.com.br\/v1\/wp-content\/uploads\/2026\/09\/e116c5f8-85b5-4124-b715-8195c042d5f5-169x300.jpeg 169w, https:\/\/www.blogdomassinha.com.br\/v1\/wp-content\/uploads\/2026\/09\/e116c5f8-85b5-4124-b715-8195c042d5f5.jpeg 281w\" sizes=\"(max-width: 169px) 100vw, 169px\" \/><br \/>\nFaltam menos de 30 dias para que o eleitor baiano e brasileiro v\u00e1 \u00e0s urnas para exercer um dos mais importantes atos da democracia: o voto. Ser\u00e1 a oportunidade de eleger ou reeleger deputados estaduais, deputados federais, senadores, governadores e o presidente da Rep\u00fablica. Portanto, \u00e9 uma elei\u00e7\u00e3o que se reveste de enorme import\u00e2ncia para os destinos da Bahia e do Brasil.<\/span><\/p>\n<p class=\"p2\"><span class=\"s1\">O mundo vive momentos dif\u00edceis. Hoje, a humanidade acompanha transforma\u00e7\u00f5es profundas, o avan\u00e7o da intelig\u00eancia artificial, o fen\u00f4meno das fake news e, infelizmente, posi\u00e7\u00f5es cada vez mais irracionais do pr\u00f3prio homem. Tudo isso tem trazido preocupa\u00e7\u00f5es muito grandes.<\/span><\/p>\n<p class=\"p2\"><span class=\"s1\">Para aqueles que entendem que a vida poderia ser muito melhor aproveitada sem guerras, sem o desrespeito ao meio ambiente, sem intoler\u00e2ncia religiosa, sem radicalismos pol\u00edtico-partid\u00e1rios, sem preconceitos pela cor da pele e tantas outras diferen\u00e7as que poderiam ser respeitadas, o momento exige muita reflex\u00e3o.<\/span><\/p>\n<p class=\"p2\"><span class=\"s1\">Estamos criando uma juventude que, muitas vezes, olha para a frente e n\u00e3o consegue enxergar perspectivas. Afinal de contas, ela nasceu e cresceu dentro de um contexto dif\u00edcil, em que, infelizmente, a pr\u00f3pria pol\u00edtica vem sendo desacreditada.<\/span><\/p>\n<p class=\"p2\"><span class=\"s1\">Mas n\u00e3o podemos nos dobrar diante disso. \u00c9 preciso acreditar. \u00c9 preciso participar. E \u00e9 atrav\u00e9s do voto que o cidad\u00e3o tem a oportunidade de manifestar aquilo que pensa e escolher aqueles que considera preparados para represent\u00e1-lo.<\/span><\/p>\n<p class=\"p2\"><span class=\"s1\">E hoje, mais uma vez, Vit\u00f3ria da Conquista ser\u00e1 palco de uma grande movimenta\u00e7\u00e3o pol\u00edtica, como vem acontecendo ao longo dos \u00faltimos dias. De um lado, a chapa governista, liderada pelo governador Jer\u00f4nimo Rodrigues, que busca a reelei\u00e7\u00e3o. Do outro, a oposi\u00e7\u00e3o, que tem ACM Neto como candidato ao Governo do Estado.<\/span><\/p>\n<p class=\"p2\"><span class=\"s1\">A campanha entrou definitivamente nas ruas. N\u00e3o h\u00e1 mais tempo a perder. Prefeitos, lideran\u00e7as, deputados, vereadores, candidatos e apoiadores est\u00e3o mobilizados em busca do voto, e Vit\u00f3ria da Conquista, como um dos maiores col\u00e9gios eleitorais da Bahia, naturalmente ocupa posi\u00e7\u00e3o de destaque nessa disputa.<\/span><!--more--><\/p>\n<p><img loading=\"lazy\" class=\"size-medium wp-image-58964 alignleft\" src=\"https:\/\/www.blogdomassinha.com.br\/v1\/wp-content\/uploads\/2026\/09\/41c1eaa7-d0fe-4dd5-bdfc-142a7ac7007a-300x300.jpeg\" alt=\"\" width=\"300\" height=\"300\" srcset=\"https:\/\/www.blogdomassinha.com.br\/v1\/wp-content\/uploads\/2026\/09\/41c1eaa7-d0fe-4dd5-bdfc-142a7ac7007a-300x300.jpeg 300w, https:\/\/www.blogdomassinha.com.br\/v1\/wp-content\/uploads\/2026\/09\/41c1eaa7-d0fe-4dd5-bdfc-142a7ac7007a-150x150.jpeg 150w, https:\/\/www.blogdomassinha.com.br\/v1\/wp-content\/uploads\/2026\/09\/41c1eaa7-d0fe-4dd5-bdfc-142a7ac7007a.jpeg 500w\" sizes=\"(max-width: 300px) 100vw, 300px\" \/><\/p>\n<p class=\"p2\"><span class=\"s1\">Hoje \u00e9 novamente a vez de ACM Neto movimentar a cidade.<\/span><\/p>\n<p class=\"p2\"><span class=\"s1\">O candidato da oposi\u00e7\u00e3o ao Governo da Bahia estar\u00e1 em Vit\u00f3ria da Conquista para uma carreata que percorrer\u00e1 ruas e avenidas do munic\u00edpio, buscando o contato com o eleitor conquistense e mostrando a for\u00e7a da sua campanha nesta reta cada vez mais decisiva.<\/span><\/p>\n<p class=\"p2\"><span class=\"s1\">A concentra\u00e7\u00e3o come\u00e7a cedo, na Avenida Perimetral, e, a partir dali, a carreata seguir\u00e1 por um percurso que voc\u00ea poder\u00e1 acompanhar aqui no nosso Blog do Agito Geral.<\/span><\/p>\n<p class=\"p2\"><span class=\"s1\">Portanto, quem quiser participar poder\u00e1 entrar no seu carro e acompanhar a carreata ou simplesmente ficar \u00e0s margens das avenidas para observar a movimenta\u00e7\u00e3o.<\/span><\/p>\n<p class=\"p2\"><span class=\"s1\">ACM Neto e os integrantes da sua chapa estar\u00e3o nas ruas de Vit\u00f3ria da Conquista. A prefeita Sheila Lemos, candidatos apoiados pelo seu grupo pol\u00edtico, vereadores, lideran\u00e7as e correligion\u00e1rios tamb\u00e9m dever\u00e3o participar do movimento.<\/span><\/p>\n<p class=\"p2\"><span class=\"s1\">Faltam menos de 30 dias. Agora, cada caminhada, cada carreata, cada com\u00edcio, cada encontro e, principalmente, cada conversa com o eleitor ganham um peso ainda maior.<\/span><\/p>\n<p class=\"p2\"><span class=\"s1\">A campanha est\u00e1 nas ruas. E a decis\u00e3o, como sempre, estar\u00e1 nas m\u00e3os do povo.<\/span><\/p>\n","protected":false},"excerpt":{"rendered":"<p>Faltam menos de 30 dias para que o eleitor baiano e brasileiro v\u00e1 \u00e0s urnas para exercer um dos mais importantes atos da democracia: o voto. Ser\u00e1 a oportunidade de eleger ou reeleger deputados estaduais, deputados federais, senadores, governadores e o presidente da Rep\u00fablica. Portanto, \u00e9 uma elei\u00e7\u00e3o que se reveste de enorme import\u00e2ncia para [&hellip;]<\/p>\n","protected":false},"author":3,"featured_media":58963,"comment_status":"open","ping_status":"open","sticky":false,"template":"","format":"standard","meta":[],"categories":[7,2],"tags":[],"_links":{"self":[{"href":"https:\/\/www.blogdomassinha.com.br\/v1\/wp-json\/wp\/v2\/posts\/58962"}],"collection":[{"href":"https:\/\/www.blogdomassinha.com.br\/v1\/wp-json\/wp\/v2\/posts"}],"about":[{"href":"https:\/\/www.blogdomassinha.com.br\/v1\/wp-json\/wp\/v2\/types\/post"}],"author":[{"embeddable":true,"href":"https:\/\/www.blogdomassinha.com.br\/v1\/wp-json\/wp\/v2\/users\/3"}],"replies":[{"embeddable":true,"href":"https:\/\/www.blogdomassinha.com.br\/v1\/wp-json\/wp\/v2\/comments?post=58962"}],"version-history":[{"count":1,"href":"https:\/\/www.blogdomassinha.com.br\/v1\/wp-json\/wp\/v2\/posts\/58962\/revisions"}],"predecessor-version":[{"id":58965,"href":"https:\/\/www.blogdomassinha.com.br\/v1\/wp-json\/wp\/v2\/posts\/58962\/revisions\/58965"}],"wp:featuredmedia":[{"embeddable":true,"href":"https:\/\/www.blogdomassinha.com.br\/v1\/wp-json\/wp\/v2\/media\/58963"}],"wp:attachment":[{"href":"https:\/\/www.blogdomassinha.com.br\/v1\/wp-json\/wp\/v2\/media?parent=58962"}],"wp:term":[{"taxonomy":"category","embeddable":true,"href":"https:\/\/www.blogdomassinha.com.br\/v1\/wp-json\/wp\/v2\/categories?post=58962"},{"taxonomy":"post_tag","embeddable":true,"href":"https:\/\/www.blogdomassinha.com.br\/v1\/wp-json\/wp\/v2\/tags?post=58962"}],"curies":[{"name":"wp","href":"https:\/\/api.w.org\/{rel}","templated":true}]}}