{"id":58959,"date":"2026-09-05T17:09:22","date_gmt":"2026-09-05T20:09:22","guid":{"rendered":"https:\/\/www.blogdomassinha.com.br\/v1\/?p=58959"},"modified":"2026-09-05T17:09:22","modified_gmt":"2026-09-05T20:09:22","slug":"bell-marques-hoje-e-aniversario-desse-exemplo-de-vida-de-determinacao-e-dedicacao-ao-que-sabe-fazer-cantar-e-fazer-as-pessoas-felizes","status":"publish","type":"post","link":"https:\/\/www.blogdomassinha.com.br\/v1\/2026\/09\/05\/bell-marques-hoje-e-aniversario-desse-exemplo-de-vida-de-determinacao-e-dedicacao-ao-que-sabe-fazer-cantar-e-fazer-as-pessoas-felizes\/","title":{"rendered":"Bell Marques: hoje \u00e9 anivers\u00e1rio desse exemplo de vida, de determina\u00e7\u00e3o e dedica\u00e7\u00e3o ao que sabe fazer: cantar e fazer as pessoas felizes!"},"content":{"rendered":"<p class=\"p2\"><span class=\"s1\"><img loading=\"lazy\" class=\"size-medium wp-image-58960 alignleft\" src=\"https:\/\/www.blogdomassinha.com.br\/v1\/wp-content\/uploads\/2026\/09\/IMG_1111-197x300.jpeg\" alt=\"\" width=\"197\" height=\"300\" srcset=\"https:\/\/www.blogdomassinha.com.br\/v1\/wp-content\/uploads\/2026\/09\/IMG_1111-197x300.jpeg 197w, https:\/\/www.blogdomassinha.com.br\/v1\/wp-content\/uploads\/2026\/09\/IMG_1111.jpeg 328w\" sizes=\"(max-width: 197px) 100vw, 197px\" \/><br \/>\nHoje \u00e9 um dia muito especial.<\/span><\/p>\n<p class=\"p2\"><span class=\"s1\">Afinal, hoje \u00e9 5 de setembro e o sol est\u00e1 brilhando intensamente aqui em Vit\u00f3ria da Conquista. O astro-rei veio forte para dizer a todos n\u00f3s que hoje \u00e9 anivers\u00e1rio de uma das figuras mais ic\u00f4nicas que a m\u00fasica nacional produziu.<\/span><\/p>\n<p class=\"p2\"><span class=\"s1\">Ele \u00e9 respons\u00e1vel por tantos casamentos, por tantos amores, por tantos relacionamentos. Ele \u00e9 respons\u00e1vel por fazer as pessoas felizes. Ele \u00e9, sem d\u00favida, um norte para aqueles que entendem que a vida \u00e9 feita de momentos e que eles jamais podem ser esquecidos. Momentos em que voc\u00ea se entrega a uma paix\u00e3o, a um beijo, a um abra\u00e7o. Porque cantar \u00e9 para quem sabe, para quem gosta. \u00c9 uma profiss\u00e3o privilegiada.<\/span><\/p>\n<p class=\"p2\"><span class=\"s1\">Quando uma pessoa abre os bra\u00e7os e agradece a Deus pelo que est\u00e1 vivendo, isso \u00e9 sin\u00f4nimo de gratid\u00e3o ao Rei do Universo. E Bell Marques \u00e9 tudo isso que n\u00f3s falamos e muito mais.<\/span><\/p>\n<p class=\"p2\"><span class=\"s1\">Bell, para n\u00f3s, para mim, para minha fam\u00edlia, para os conquistenses e para os brasileiros que entendem que o trio el\u00e9trico \u00e9 uma inven\u00e7\u00e3o que s\u00f3 poderia mesmo partir do baiano, representa alegria, festa e emo\u00e7\u00e3o.<\/span><!--more--><\/p>\n<p class=\"p2\"><span class=\"s1\">O cantar, o tirar o p\u00e9 do ch\u00e3o, esse ritmo que ousou sair das ruas fervilhantes da Bahia para invadir avenidas e pra\u00e7as silenciosas e conservadoras de outros estados deixou claro que quem d\u00e1 o tom, quem d\u00e1 o norte da vida \u00e9 quem ousa.<\/span><\/p>\n<p class=\"p2\"><span class=\"s1\">E \u00e9 por isso que n\u00f3s estamos falando desse grande artista, que comp\u00f5e esse universo de tantos nomes, de tantos outros artistas que fizeram do ax\u00e9 um ritmo nacional. E, diga-se de passagem, foi ele que nos deu, a mim em particular, r\u00e9gua e compasso.<\/span><\/p>\n<p class=\"p2\"><span class=\"s1\">Bell Marques, voc\u00ea \u00e9 um exemplo de cantor, de compositor, de maestro, de condutor do trio el\u00e9trico e dos encantos que voc\u00ea transmite aos seus f\u00e3s em cima do palco. Voc\u00ea \u00e9 um grande empres\u00e1rio, um grande pai de fam\u00edlia, um grande esposo e, agora, um grande av\u00f4.<\/span><\/p>\n<p class=\"p2\"><span class=\"s1\">Voc\u00ea \u00e9 um gigante.<\/span><\/p>\n<p class=\"p2\"><span class=\"s1\">Parab\u00e9ns, Bell! Que Deus aben\u00e7oe a sua vida, a sua fam\u00edlia e todos aqueles que est\u00e3o ao seu lado, inclusive a sua equipe, sempre generosa, profissional e sol\u00edcita.<\/span><\/p>\n<p class=\"p2\"><span class=\"s1\">Parab\u00e9ns, Bell. Que Deus o proteja!<\/span><\/p>\n<p class=\"p2\"><span class=\"s1\">E mais, Bell: n\u00f3s nunca, jamais esqueceremos que voc\u00ea vestiu, literalmente, a camisa do Massicas.<\/span><\/p>\n","protected":false},"excerpt":{"rendered":"<p>Hoje \u00e9 um dia muito especial. Afinal, hoje \u00e9 5 de setembro e o sol est\u00e1 brilhando intensamente aqui em Vit\u00f3ria da Conquista. O astro-rei veio forte para dizer a todos n\u00f3s que hoje \u00e9 anivers\u00e1rio de uma das figuras mais ic\u00f4nicas que a m\u00fasica nacional produziu. Ele \u00e9 respons\u00e1vel por tantos casamentos, por tantos [&hellip;]<\/p>\n","protected":false},"author":3,"featured_media":58960,"comment_status":"open","ping_status":"open","sticky":false,"template":"","format":"standard","meta":[],"categories":[7,1],"tags":[],"_links":{"self":[{"href":"https:\/\/www.blogdomassinha.com.br\/v1\/wp-json\/wp\/v2\/posts\/58959"}],"collection":[{"href":"https:\/\/www.blogdomassinha.com.br\/v1\/wp-json\/wp\/v2\/posts"}],"about":[{"href":"https:\/\/www.blogdomassinha.com.br\/v1\/wp-json\/wp\/v2\/types\/post"}],"author":[{"embeddable":true,"href":"https:\/\/www.blogdomassinha.com.br\/v1\/wp-json\/wp\/v2\/users\/3"}],"replies":[{"embeddable":true,"href":"https:\/\/www.blogdomassinha.com.br\/v1\/wp-json\/wp\/v2\/comments?post=58959"}],"version-history":[{"count":1,"href":"https:\/\/www.blogdomassinha.com.br\/v1\/wp-json\/wp\/v2\/posts\/58959\/revisions"}],"predecessor-version":[{"id":58961,"href":"https:\/\/www.blogdomassinha.com.br\/v1\/wp-json\/wp\/v2\/posts\/58959\/revisions\/58961"}],"wp:featuredmedia":[{"embeddable":true,"href":"https:\/\/www.blogdomassinha.com.br\/v1\/wp-json\/wp\/v2\/media\/58960"}],"wp:attachment":[{"href":"https:\/\/www.blogdomassinha.com.br\/v1\/wp-json\/wp\/v2\/media?parent=58959"}],"wp:term":[{"taxonomy":"category","embeddable":true,"href":"https:\/\/www.blogdomassinha.com.br\/v1\/wp-json\/wp\/v2\/categories?post=58959"},{"taxonomy":"post_tag","embeddable":true,"href":"https:\/\/www.blogdomassinha.com.br\/v1\/wp-json\/wp\/v2\/tags?post=58959"}],"curies":[{"name":"wp","href":"https:\/\/api.w.org\/{rel}","templated":true}]}}