{"id":58953,"date":"2026-09-05T12:52:26","date_gmt":"2026-09-05T15:52:26","guid":{"rendered":"https:\/\/www.blogdomassinha.com.br\/v1\/?p=58953"},"modified":"2026-09-05T12:52:26","modified_gmt":"2026-09-05T15:52:26","slug":"acm-transforma-as-ruas-de-governador-mangabeira-em-um-tapete-azul-e-mostra-que-a-disputa-sera-voto-a-voto","status":"publish","type":"post","link":"https:\/\/www.blogdomassinha.com.br\/v1\/2026\/09\/05\/acm-transforma-as-ruas-de-governador-mangabeira-em-um-tapete-azul-e-mostra-que-a-disputa-sera-voto-a-voto\/","title":{"rendered":"ACM transforma as ruas de Governador Mangabeira em um tapete azul e mostra que a disputa ser\u00e1 voto a voto."},"content":{"rendered":"<p class=\"p1\"><span class=\"s1\"><img loading=\"lazy\" class=\"alignright size-medium wp-image-58955\" src=\"https:\/\/www.blogdomassinha.com.br\/v1\/wp-content\/uploads\/2026\/09\/ec4d8b64-ee1e-4b64-8694-7e3b0180d735-300x200.jpeg\" alt=\"\" width=\"300\" height=\"200\" srcset=\"https:\/\/www.blogdomassinha.com.br\/v1\/wp-content\/uploads\/2026\/09\/ec4d8b64-ee1e-4b64-8694-7e3b0180d735-300x200.jpeg 300w, https:\/\/www.blogdomassinha.com.br\/v1\/wp-content\/uploads\/2026\/09\/ec4d8b64-ee1e-4b64-8694-7e3b0180d735.jpeg 600w\" sizes=\"(max-width: 300px) 100vw, 300px\" \/><br \/>\nGovernador Mangabeira foi palco de um grande evento que contou com a participa\u00e7\u00e3o do candidato da oposi\u00e7\u00e3o ao governo do estado, ACM Neto, que esteve acompanhado da sua chapa majorit\u00e1ria, contando com as presen\u00e7as do seu vice, Z\u00e9 Coc\u00e1, e dos dois candidatos ao Senado, \u00c2ngelo Coronel, que \u00e9 candidato \u00e0 reelei\u00e7\u00e3o, e Jo\u00e3o Roma, al\u00e9m de candidatos a deputados federais e estaduais.<\/span><\/p>\n<p class=\"p1\"><span class=\"s1\">O voto ser\u00e1 disputado palmo a palmo, um a um. N\u00e3o tem nada definido.<\/span><\/p>\n<p class=\"p1\"><span class=\"s1\">E, com certeza absoluta, a Bahia viver\u00e1, nos seus tempos mais recentes, uma das mais dif\u00edceis elei\u00e7\u00f5es. ACM Neto mostra a sua for\u00e7a mesmo n\u00e3o estando \u00e0 frente do poder.<\/span><!--more--><\/p>\n<p class=\"p1\"><span class=\"s1\">E concorre com o governador Jer\u00f4nimo Rodrigues, que n\u00e3o mede esfor\u00e7os para continuar governando o nosso estado. E assim a campanha prossegue. Estamos a 30 dias do 4 de outubro e, com certeza, daqui at\u00e9 a data em que se definir\u00e1 quem ser\u00e1 o pr\u00f3ximo mandat\u00e1rio do nosso estado, as emo\u00e7\u00f5es tomar\u00e3o conta das ruas e das pra\u00e7as, porque o povo est\u00e1 saudoso da festa de rua, do contato povo a povo.<\/span><\/p>\n<p class=\"p1\"><span class=\"s1\">E, a exemplo de Vit\u00f3ria da Conquista, onde ontem houve um com\u00edcio em pra\u00e7a p\u00fablica, percebe-se que \u00e9 bem poss\u00edvel que ainda tenhamos manifesta\u00e7\u00f5es como essa aqui na terra do Sert\u00e3o da Ressaca, a nossa querida Vit\u00f3ria da Conquista.<\/span><\/p>\n<p class=\"p1\"><span class=\"s1\">Ent\u00e3o, conforme vemos nas fotos, um tapete azul, um oceano, podemos assim dizer, transformou a cidade de Governador Mangabeira, no Rec\u00f4ncavo Baiano, em um mar de gente, tendo o azul-anil como s\u00edmbolo desse movimento.<\/span><\/p>\n<p class=\"p1\"><span class=\"s1\">Vamos aguardar e continuar assistindo a essas manifesta\u00e7\u00f5es democr\u00e1ticas. E que possamos ver, de um lado e de outro, a tentativa de, atrav\u00e9s da fala e dos compromissos assumidos, fazer dessa disputa pelo governo do nosso estado uma campanha respeitosa e republicana.<\/span><\/p>\n\n\t\t<style type=\"text\/css\">\n\t\t\t#gallery-1 {\n\t\t\t\tmargin: auto;\n\t\t\t}\n\t\t\t#gallery-1 .gallery-item {\n\t\t\t\tfloat: left;\n\t\t\t\tmargin-top: 10px;\n\t\t\t\ttext-align: center;\n\t\t\t\twidth: 33%;\n\t\t\t}\n\t\t\t#gallery-1 img {\n\t\t\t\tborder: 2px solid #cfcfcf;\n\t\t\t}\n\t\t\t#gallery-1 .gallery-caption {\n\t\t\t\tmargin-left: 0;\n\t\t\t}\n\t\t\t\/* see gallery_shortcode() in wp-includes\/media.php *\/\n\t\t<\/style>\n\t\t<div id='gallery-1' class='gallery galleryid-58953 gallery-columns-3 gallery-size-thumbnail'><dl class='gallery-item'>\n\t\t\t<dt class='gallery-icon landscape'>\n\t\t\t\t<a href=\"https:\/\/www.blogdomassinha.com.br\/v1\/wp-content\/uploads\/2026\/09\/e99b6cce-6113-431a-8b0a-523b46e63f1f.jpeg\" class=\"gallery_colorbox\"><img width=\"150\" height=\"150\" src=\"https:\/\/www.blogdomassinha.com.br\/v1\/wp-content\/uploads\/2026\/09\/e99b6cce-6113-431a-8b0a-523b46e63f1f-150x150.jpeg\"  class=\"attachment-thumbnail size-thumbnail\" alt=\"\" loading=\"lazy\" \/><\/a>\n\t\t\t<\/dt><\/dl><dl class='gallery-item'>\n\t\t\t<dt class='gallery-icon landscape'>\n\t\t\t\t<a href=\"https:\/\/www.blogdomassinha.com.br\/v1\/wp-content\/uploads\/2026\/09\/ec4d8b64-ee1e-4b64-8694-7e3b0180d735.jpeg\" class=\"gallery_colorbox\"><img width=\"150\" height=\"150\" src=\"https:\/\/www.blogdomassinha.com.br\/v1\/wp-content\/uploads\/2026\/09\/ec4d8b64-ee1e-4b64-8694-7e3b0180d735-150x150.jpeg\"  class=\"attachment-thumbnail size-thumbnail\" alt=\"\" loading=\"lazy\" \/><\/a>\n\t\t\t<\/dt><\/dl><dl class='gallery-item'>\n\t\t\t<dt class='gallery-icon landscape'>\n\t\t\t\t<a href=\"https:\/\/www.blogdomassinha.com.br\/v1\/wp-content\/uploads\/2026\/09\/5a323fb0-98b3-4c87-9362-76970d7b97ca.jpeg\" class=\"gallery_colorbox\"><img width=\"150\" height=\"150\" src=\"https:\/\/www.blogdomassinha.com.br\/v1\/wp-content\/uploads\/2026\/09\/5a323fb0-98b3-4c87-9362-76970d7b97ca-150x150.jpeg\"  class=\"attachment-thumbnail size-thumbnail\" alt=\"\" loading=\"lazy\" \/><\/a>\n\t\t\t<\/dt><\/dl><br style=\"clear: both\" \/><dl class='gallery-item'>\n\t\t\t<dt class='gallery-icon landscape'>\n\t\t\t\t<a href=\"https:\/\/www.blogdomassinha.com.br\/v1\/wp-content\/uploads\/2026\/09\/f82ed3ab-cba5-4271-92ed-6b6bd21238b0.jpeg\" class=\"gallery_colorbox\"><img width=\"150\" height=\"150\" src=\"https:\/\/www.blogdomassinha.com.br\/v1\/wp-content\/uploads\/2026\/09\/f82ed3ab-cba5-4271-92ed-6b6bd21238b0-150x150.jpeg\"  class=\"attachment-thumbnail size-thumbnail\" alt=\"\" loading=\"lazy\" \/><\/a>\n\t\t\t<\/dt><\/dl>\n\t\t\t<br style='clear: both' \/>\n\t\t<\/div>\n\n","protected":false},"excerpt":{"rendered":"<p>Governador Mangabeira foi palco de um grande evento que contou com a participa\u00e7\u00e3o do candidato da oposi\u00e7\u00e3o ao governo do estado, ACM Neto, que esteve acompanhado da sua chapa majorit\u00e1ria, contando com as presen\u00e7as do seu vice, Z\u00e9 Coc\u00e1, e dos dois candidatos ao Senado, \u00c2ngelo Coronel, que \u00e9 candidato \u00e0 reelei\u00e7\u00e3o, e Jo\u00e3o Roma, [&hellip;]<\/p>\n","protected":false},"author":3,"featured_media":58955,"comment_status":"open","ping_status":"open","sticky":false,"template":"","format":"standard","meta":[],"categories":[7,2],"tags":[],"_links":{"self":[{"href":"https:\/\/www.blogdomassinha.com.br\/v1\/wp-json\/wp\/v2\/posts\/58953"}],"collection":[{"href":"https:\/\/www.blogdomassinha.com.br\/v1\/wp-json\/wp\/v2\/posts"}],"about":[{"href":"https:\/\/www.blogdomassinha.com.br\/v1\/wp-json\/wp\/v2\/types\/post"}],"author":[{"embeddable":true,"href":"https:\/\/www.blogdomassinha.com.br\/v1\/wp-json\/wp\/v2\/users\/3"}],"replies":[{"embeddable":true,"href":"https:\/\/www.blogdomassinha.com.br\/v1\/wp-json\/wp\/v2\/comments?post=58953"}],"version-history":[{"count":1,"href":"https:\/\/www.blogdomassinha.com.br\/v1\/wp-json\/wp\/v2\/posts\/58953\/revisions"}],"predecessor-version":[{"id":58958,"href":"https:\/\/www.blogdomassinha.com.br\/v1\/wp-json\/wp\/v2\/posts\/58953\/revisions\/58958"}],"wp:featuredmedia":[{"embeddable":true,"href":"https:\/\/www.blogdomassinha.com.br\/v1\/wp-json\/wp\/v2\/media\/58955"}],"wp:attachment":[{"href":"https:\/\/www.blogdomassinha.com.br\/v1\/wp-json\/wp\/v2\/media?parent=58953"}],"wp:term":[{"taxonomy":"category","embeddable":true,"href":"https:\/\/www.blogdomassinha.com.br\/v1\/wp-json\/wp\/v2\/categories?post=58953"},{"taxonomy":"post_tag","embeddable":true,"href":"https:\/\/www.blogdomassinha.com.br\/v1\/wp-json\/wp\/v2\/tags?post=58953"}],"curies":[{"name":"wp","href":"https:\/\/api.w.org\/{rel}","templated":true}]}}