{"id":58949,"date":"2026-09-05T11:46:30","date_gmt":"2026-09-05T14:46:30","guid":{"rendered":"https:\/\/www.blogdomassinha.com.br\/v1\/?p=58949"},"modified":"2026-09-05T11:46:30","modified_gmt":"2026-09-05T14:46:30","slug":"o-fantastico-fotografo-nasal-nos-mostra-uma-multidao-em-itabuna-que-foi-as-ruas-para-receber-o-governador-jeronimo","status":"publish","type":"post","link":"https:\/\/www.blogdomassinha.com.br\/v1\/2026\/09\/05\/o-fantastico-fotografo-nasal-nos-mostra-uma-multidao-em-itabuna-que-foi-as-ruas-para-receber-o-governador-jeronimo\/","title":{"rendered":"O fant\u00e1stico fot\u00f3grafo Nasal nos mostra uma multid\u00e3o em Itabuna que foi \u00e0s ruas para receber o governador Jer\u00f4nimo"},"content":{"rendered":"<p class=\"p2\"><span class=\"s1\"><img loading=\"lazy\" class=\"size-medium wp-image-58950 alignleft\" src=\"https:\/\/www.blogdomassinha.com.br\/v1\/wp-content\/uploads\/2026\/09\/97b1bb46-0016-491f-8995-df2c3ec87e21-300x200.jpeg\" alt=\"\" width=\"300\" height=\"200\" srcset=\"https:\/\/www.blogdomassinha.com.br\/v1\/wp-content\/uploads\/2026\/09\/97b1bb46-0016-491f-8995-df2c3ec87e21-300x200.jpeg 300w, https:\/\/www.blogdomassinha.com.br\/v1\/wp-content\/uploads\/2026\/09\/97b1bb46-0016-491f-8995-df2c3ec87e21.jpeg 600w\" sizes=\"(max-width: 300px) 100vw, 300px\" \/><br \/>\nAmigos e amigas, o PT, Partido dos Trabalhadores, na terra grapi\u00fana, governada pelo prefeito Augusto Castro, j\u00e1 n\u00e3o tem aquela for\u00e7a que sempre teve desde os tempos de Geraldo Sim\u00f5es, que, ali\u00e1s, foi prefeito duas vezes e tamb\u00e9m conseguiu ser deputado federal.<\/span><\/p>\n<p class=\"p2\"><span class=\"s1\">O protagonismo atual por l\u00e1 \u00e9 do prefeito Augusto Castro, que se reelegeu e agora tem na sua esposa uma candidata a deputada estadual que, segundo dizem, poder\u00e1 ser uma das mais votadas da hist\u00f3ria do munic\u00edpio do sul da Bahia.<\/span><\/p>\n<p class=\"p2\"><span class=\"s1\">Ontem, em uma caminhada, Jer\u00f4nimo Rodrigues, governador e candidato \u00e0 reelei\u00e7\u00e3o, esteve acompanhado do candidato ao Senado Rui Costa, ex-governador e ex-ministro do governo Lula, e tamb\u00e9m do atual senador e candidato \u00e0 reelei\u00e7\u00e3o Jaques Wagner.<\/span><\/p>\n<p class=\"p2\"><span class=\"s1\">Realmente, foi um mar de gente que fez da Avenida Cinquenten\u00e1rio um grande palco, com a cor vermelha dando o tom desse movimento no dia de hoje. E o fant\u00e1stico fot\u00f3grafo Nasal, com a sensibilidade que lhe \u00e9 peculiar, registrou imagens que mostram a dimens\u00e3o da caminhada realizada em Itabuna.<\/span><!--more--><\/p>\n<p><img loading=\"lazy\" class=\"alignright size-medium wp-image-58951\" src=\"https:\/\/www.blogdomassinha.com.br\/v1\/wp-content\/uploads\/2026\/09\/65d73cb1-5378-4ab5-b089-daba0610eef8-300x200.jpeg\" alt=\"\" width=\"300\" height=\"200\" srcset=\"https:\/\/www.blogdomassinha.com.br\/v1\/wp-content\/uploads\/2026\/09\/65d73cb1-5378-4ab5-b089-daba0610eef8-300x200.jpeg 300w, https:\/\/www.blogdomassinha.com.br\/v1\/wp-content\/uploads\/2026\/09\/65d73cb1-5378-4ab5-b089-daba0610eef8.jpeg 600w\" sizes=\"(max-width: 300px) 100vw, 300px\" \/><\/p>\n<p class=\"p2\"><span class=\"s1\">A campanha est\u00e1 acirrada, a disputa \u00e9 enorme, e todos sabem que n\u00e3o est\u00e1 f\u00e1cil para o governador Jer\u00f4nimo Rodrigues. Ao mesmo tempo, o candidato da oposi\u00e7\u00e3o, ACM Neto, certamente tem o mesmo sentimento. Ent\u00e3o, os \u00faltimos dias que faltam para o dia 4 de outubro ser\u00e3o decisivos para quem quer chegar na frente e, assim, conseguir governar o nosso estado a partir de janeiro de 2027.<\/span><\/p>\n<p class=\"p2\"><span class=\"s1\">A foto, ou melhor, as fotos mostram que a chapa majorit\u00e1ria do governador Jer\u00f4nimo fez um movimento que, evidentemente, potencializa as suas pretens\u00f5es nessa reta final de campanha.<\/span><\/p>\n<p class=\"p2\"><span class=\"s1\">Mas, como tudo na pol\u00edtica \u00e9 din\u00e2mico, vamos aguardar para saber o resultado. At\u00e9 l\u00e1, as ruas continuar\u00e3o falando, os candidatos continuar\u00e3o buscando o voto e o eleitor ter\u00e1, no dia 4 de outubro, a palavra final.<\/span><\/p>\n","protected":false},"excerpt":{"rendered":"<p>Amigos e amigas, o PT, Partido dos Trabalhadores, na terra grapi\u00fana, governada pelo prefeito Augusto Castro, j\u00e1 n\u00e3o tem aquela for\u00e7a que sempre teve desde os tempos de Geraldo Sim\u00f5es, que, ali\u00e1s, foi prefeito duas vezes e tamb\u00e9m conseguiu ser deputado federal. O protagonismo atual por l\u00e1 \u00e9 do prefeito Augusto Castro, que se reelegeu [&hellip;]<\/p>\n","protected":false},"author":3,"featured_media":58950,"comment_status":"open","ping_status":"open","sticky":false,"template":"","format":"standard","meta":[],"categories":[7,2],"tags":[],"_links":{"self":[{"href":"https:\/\/www.blogdomassinha.com.br\/v1\/wp-json\/wp\/v2\/posts\/58949"}],"collection":[{"href":"https:\/\/www.blogdomassinha.com.br\/v1\/wp-json\/wp\/v2\/posts"}],"about":[{"href":"https:\/\/www.blogdomassinha.com.br\/v1\/wp-json\/wp\/v2\/types\/post"}],"author":[{"embeddable":true,"href":"https:\/\/www.blogdomassinha.com.br\/v1\/wp-json\/wp\/v2\/users\/3"}],"replies":[{"embeddable":true,"href":"https:\/\/www.blogdomassinha.com.br\/v1\/wp-json\/wp\/v2\/comments?post=58949"}],"version-history":[{"count":1,"href":"https:\/\/www.blogdomassinha.com.br\/v1\/wp-json\/wp\/v2\/posts\/58949\/revisions"}],"predecessor-version":[{"id":58952,"href":"https:\/\/www.blogdomassinha.com.br\/v1\/wp-json\/wp\/v2\/posts\/58949\/revisions\/58952"}],"wp:featuredmedia":[{"embeddable":true,"href":"https:\/\/www.blogdomassinha.com.br\/v1\/wp-json\/wp\/v2\/media\/58950"}],"wp:attachment":[{"href":"https:\/\/www.blogdomassinha.com.br\/v1\/wp-json\/wp\/v2\/media?parent=58949"}],"wp:term":[{"taxonomy":"category","embeddable":true,"href":"https:\/\/www.blogdomassinha.com.br\/v1\/wp-json\/wp\/v2\/categories?post=58949"},{"taxonomy":"post_tag","embeddable":true,"href":"https:\/\/www.blogdomassinha.com.br\/v1\/wp-json\/wp\/v2\/tags?post=58949"}],"curies":[{"name":"wp","href":"https:\/\/api.w.org\/{rel}","templated":true}]}}