{"id":58933,"date":"2026-09-05T11:13:55","date_gmt":"2026-09-05T14:13:55","guid":{"rendered":"https:\/\/www.blogdomassinha.com.br\/v1\/?p=58933"},"modified":"2026-09-05T11:15:01","modified_gmt":"2026-09-05T14:15:01","slug":"adolpho-loyola-waldenor-pereira-e-ze-raimundo-anunciaram-ontem-4-licitacao-para-pavimentacao-de-acessos-a-distritos","status":"publish","type":"post","link":"https:\/\/www.blogdomassinha.com.br\/v1\/2026\/09\/05\/adolpho-loyola-waldenor-pereira-e-ze-raimundo-anunciaram-ontem-4-licitacao-para-pavimentacao-de-acessos-a-distritos\/","title":{"rendered":"Adolpho Loyola, Waldenor Pereira e Z\u00e9 Raimundo anunciaram ontem, 4, licita\u00e7\u00e3o para pavimenta\u00e7\u00e3o de acessos a distritos"},"content":{"rendered":"<p><img loading=\"lazy\" class=\"size-medium wp-image-58934 alignleft\" src=\"https:\/\/www.blogdomassinha.com.br\/v1\/wp-content\/uploads\/2026\/09\/IMG_1626-212x300.jpeg\" alt=\"\" width=\"212\" height=\"300\" srcset=\"https:\/\/www.blogdomassinha.com.br\/v1\/wp-content\/uploads\/2026\/09\/IMG_1626-212x300.jpeg 212w, https:\/\/www.blogdomassinha.com.br\/v1\/wp-content\/uploads\/2026\/09\/IMG_1626.jpeg 353w\" sizes=\"(max-width: 212px) 100vw, 212px\" \/><\/p>\n<p class=\"p2\"><span class=\"s1\"><br \/>\nOs deputados Waldenor Pereira e Jos\u00e9 Raimundo anunciaram ontem, 4, a licita\u00e7\u00e3o para pavimentar os acessos de importantes distritos.<\/span><\/p>\n<p class=\"p2\"><span class=\"s1\">Aqui em Vit\u00f3ria da Conquista, ser\u00e3o pavimentados acessos para Baix\u00e3o, Cabeceiras, Barrocas, Itaipu e Itapirema. Portanto, \u00e9 uma grande not\u00edcia para os moradores dessas localidades. Naturalmente, uma expectativa aguardada h\u00e1 muito tempo.<\/span><\/p>\n<p class=\"p2\"><span class=\"s1\">E chega em boa hora esse an\u00fancio e esse compromisso assumido por tr\u00eas integrantes da base do governo Jer\u00f4nimo Rodrigues: o ex-secret\u00e1rio de Rela\u00e7\u00f5es Institucionais Adolpho Loyola, que, sem d\u00favida alguma, \u00e9 uma das mais importantes figuras do governo do Estado, e tamb\u00e9m os deputados Waldenor Pereira, federal, e Jos\u00e9 Raimundo, estadual.<\/span><!--more--><\/p>\n<p class=\"p2\"><span class=\"s1\">E assim segue a movimenta\u00e7\u00e3o pol\u00edtica nesses \u00faltimos dias, faltando cerca de 30 dias para que as elei\u00e7\u00f5es se realizem. E esperamos que, na medida do poss\u00edvel, os compromissos e as promessas sejam cumpridos. E assim a popula\u00e7\u00e3o, naturalmente, ficar\u00e1 feliz e saber\u00e1 reconhecer o trabalho que agora \u00e9 anunciado para os moradores de Vit\u00f3ria da Conquista, em especial para aqueles que vivem no Baix\u00e3o, Cabeceiras, Barrocas, Itaipu e Itapirema.<\/span><\/p>\n<p class=\"p2\"><span class=\"s1\">S\u00e3o localidades do munic\u00edpio de Vit\u00f3ria da Conquista, uma cidade que possui uma extensa zona rural e uma dimens\u00e3o territorial gigantesca. \u00c9 uma zona rural que realmente precisa da assist\u00eancia dos pol\u00edticos, das autoridades, dos vereadores, da prefeita, dos deputados, do governo do Estado e tamb\u00e9m da Presid\u00eancia da Rep\u00fablica.<\/span><\/p>\n<p class=\"p2\"><span class=\"s1\">Portanto, fica o registro dessa not\u00edcia t\u00e3o aguardada por essas comunidades, que esperam h\u00e1 muito tempo por melhores condi\u00e7\u00f5es de acesso e agora recebem o an\u00fancio da licita\u00e7\u00e3o para a pavimenta\u00e7\u00e3o.<\/span><\/p>\n","protected":false},"excerpt":{"rendered":"<p>Os deputados Waldenor Pereira e Jos\u00e9 Raimundo anunciaram ontem, 4, a licita\u00e7\u00e3o para pavimentar os acessos de importantes distritos. Aqui em Vit\u00f3ria da Conquista, ser\u00e3o pavimentados acessos para Baix\u00e3o, Cabeceiras, Barrocas, Itaipu e Itapirema. Portanto, \u00e9 uma grande not\u00edcia para os moradores dessas localidades. Naturalmente, uma expectativa aguardada h\u00e1 muito tempo. E chega em boa [&hellip;]<\/p>\n","protected":false},"author":3,"featured_media":58934,"comment_status":"open","ping_status":"open","sticky":false,"template":"","format":"standard","meta":[],"categories":[7,2],"tags":[],"_links":{"self":[{"href":"https:\/\/www.blogdomassinha.com.br\/v1\/wp-json\/wp\/v2\/posts\/58933"}],"collection":[{"href":"https:\/\/www.blogdomassinha.com.br\/v1\/wp-json\/wp\/v2\/posts"}],"about":[{"href":"https:\/\/www.blogdomassinha.com.br\/v1\/wp-json\/wp\/v2\/types\/post"}],"author":[{"embeddable":true,"href":"https:\/\/www.blogdomassinha.com.br\/v1\/wp-json\/wp\/v2\/users\/3"}],"replies":[{"embeddable":true,"href":"https:\/\/www.blogdomassinha.com.br\/v1\/wp-json\/wp\/v2\/comments?post=58933"}],"version-history":[{"count":2,"href":"https:\/\/www.blogdomassinha.com.br\/v1\/wp-json\/wp\/v2\/posts\/58933\/revisions"}],"predecessor-version":[{"id":58936,"href":"https:\/\/www.blogdomassinha.com.br\/v1\/wp-json\/wp\/v2\/posts\/58933\/revisions\/58936"}],"wp:featuredmedia":[{"embeddable":true,"href":"https:\/\/www.blogdomassinha.com.br\/v1\/wp-json\/wp\/v2\/media\/58934"}],"wp:attachment":[{"href":"https:\/\/www.blogdomassinha.com.br\/v1\/wp-json\/wp\/v2\/media?parent=58933"}],"wp:term":[{"taxonomy":"category","embeddable":true,"href":"https:\/\/www.blogdomassinha.com.br\/v1\/wp-json\/wp\/v2\/categories?post=58933"},{"taxonomy":"post_tag","embeddable":true,"href":"https:\/\/www.blogdomassinha.com.br\/v1\/wp-json\/wp\/v2\/tags?post=58933"}],"curies":[{"name":"wp","href":"https:\/\/api.w.org\/{rel}","templated":true}]}}