{"id":58928,"date":"2026-09-04T10:58:06","date_gmt":"2026-09-04T13:58:06","guid":{"rendered":"https:\/\/www.blogdomassinha.com.br\/v1\/?p=58928"},"modified":"2026-09-04T10:58:06","modified_gmt":"2026-09-04T13:58:06","slug":"wagner-alves-foi-a-planalto-e-firmou-compromissos-com-a-populacao-da-vizinha-cidade-duplicacao-da-rio-bahia-e-uma-das-prioridades","status":"publish","type":"post","link":"https:\/\/www.blogdomassinha.com.br\/v1\/2026\/09\/04\/wagner-alves-foi-a-planalto-e-firmou-compromissos-com-a-populacao-da-vizinha-cidade-duplicacao-da-rio-bahia-e-uma-das-prioridades\/","title":{"rendered":"Wagner Alves foi a Planalto e firmou compromissos com a popula\u00e7\u00e3o da vizinha cidade. Duplica\u00e7\u00e3o da Rio-Bahia \u00e9 uma das prioridades."},"content":{"rendered":"<p class=\"p2\"><span class=\"s2\"><img loading=\"lazy\" class=\"alignright size-medium wp-image-58931\" src=\"https:\/\/www.blogdomassinha.com.br\/v1\/wp-content\/uploads\/2026\/09\/ea8faba6-82c6-44c1-8c76-ebcb59092f36-300x225.jpeg\" alt=\"\" width=\"300\" height=\"225\" srcset=\"https:\/\/www.blogdomassinha.com.br\/v1\/wp-content\/uploads\/2026\/09\/ea8faba6-82c6-44c1-8c76-ebcb59092f36-300x225.jpeg 300w, https:\/\/www.blogdomassinha.com.br\/v1\/wp-content\/uploads\/2026\/09\/ea8faba6-82c6-44c1-8c76-ebcb59092f36.jpeg 600w\" sizes=\"(max-width: 300px) 100vw, 300px\" \/><br \/>\nEsteve ontem na cidade de Planalto o advogado Wagner Alves, que \u00e9 candidato a deputado estadual por Vit\u00f3ria da Conquista e tamb\u00e9m representa a regi\u00e3o sudoeste, participando de uma importante reuni\u00e3o com moradores da vizinha cidade.<\/span><\/p>\n<p class=\"p2\"><span class=\"s2\">As lideran\u00e7as que compareceram sa\u00edram satisfeitas com os compromissos assumidos pelo advogado, que disputa pela primeira vez uma cadeira na Assembleia Legislativa do Estado. Ali\u00e1s, \u00e9 a primeira vez que ele disputa um cargo p\u00fablico em que s\u00e3o as urnas que legitimam aqueles que foram eleitos para defender as demandas da popula\u00e7\u00e3o.<\/span><\/p>\n<p class=\"p2\"><span class=\"s2\">Vanzeiros, empres\u00e1rios e moradores da zona rural ouviram atentamente a fala do advogado, que assumiu compromissos e, segundo a sua assessoria, afirmou que uma das suas prioridades ser\u00e1 lutar pela duplica\u00e7\u00e3o da Rio-Bahia.<\/span><!--more--><\/p>\n<p class=\"p2\"><span class=\"s2\">As demandas s\u00e3o enormes, s\u00e3o v\u00e1rias, s\u00e3o muitas, mas o candidato afirma que n\u00e3o \u00e9 mais poss\u00edvel que Vit\u00f3ria da Conquista e regi\u00e3o convivam com uma situa\u00e7\u00e3o t\u00e3o ca\u00f3tica, em que vidas s\u00e3o ceifadas e um percurso de 60 quil\u00f4metros, que poderia ser feito tranquilamente em 30, 40 minutos, muitas vezes leva at\u00e9 duas horas, dadas as dificuldades e o grande n\u00famero de carretas que transitam pela nossa BR.<\/span><\/p>\n<p class=\"p2\"><span class=\"s2\">Ent\u00e3o, n\u00f3s cremos que \u00e9 mais do que salutar que Vit\u00f3ria da Conquista continue com esse pensamento, com essa atitude dos seus representantes, ou poss\u00edveis representantes, de brigar verdadeiramente por aquilo que n\u00f3s consideramos justo: que a cidade e a regi\u00e3o tenham de volta aquilo que pagam atrav\u00e9s dos seus impostos.<\/span><\/p>\n<p class=\"p2\"><span class=\"s2\">E a duplica\u00e7\u00e3o da Rio-Bahia, sem d\u00favida alguma, \u00e9 um dos maiores anseios da nossa querida Vit\u00f3ria da Conquista, da regi\u00e3o sudoeste e at\u00e9 mesmo de munic\u00edpios do norte do estado de Minas Gerais.<\/span><\/p>\n<p class=\"p2\"><span class=\"s2\">Portanto, fica a\u00ed esse registro. E vamos torcer e esperar que, em outubro pr\u00f3ximo, possamos sair das urnas com representa\u00e7\u00f5es que realmente importem para o destino de Vit\u00f3ria da Conquista e de toda a nossa regi\u00e3o.<\/span><\/p>\n\n\t\t<style type=\"text\/css\">\n\t\t\t#gallery-1 {\n\t\t\t\tmargin: auto;\n\t\t\t}\n\t\t\t#gallery-1 .gallery-item {\n\t\t\t\tfloat: left;\n\t\t\t\tmargin-top: 10px;\n\t\t\t\ttext-align: center;\n\t\t\t\twidth: 33%;\n\t\t\t}\n\t\t\t#gallery-1 img {\n\t\t\t\tborder: 2px solid #cfcfcf;\n\t\t\t}\n\t\t\t#gallery-1 .gallery-caption {\n\t\t\t\tmargin-left: 0;\n\t\t\t}\n\t\t\t\/* see gallery_shortcode() in wp-includes\/media.php *\/\n\t\t<\/style>\n\t\t<div id='gallery-1' class='gallery galleryid-58928 gallery-columns-3 gallery-size-thumbnail'><dl class='gallery-item'>\n\t\t\t<dt class='gallery-icon landscape'>\n\t\t\t\t<a href=\"https:\/\/www.blogdomassinha.com.br\/v1\/wp-content\/uploads\/2026\/09\/54ab8122-213a-4ab7-b420-fa2218ae3981.jpeg\" class=\"gallery_colorbox\"><img width=\"150\" height=\"150\" src=\"https:\/\/www.blogdomassinha.com.br\/v1\/wp-content\/uploads\/2026\/09\/54ab8122-213a-4ab7-b420-fa2218ae3981-150x150.jpeg\"  class=\"attachment-thumbnail size-thumbnail\" alt=\"\" loading=\"lazy\" \/><\/a>\n\t\t\t<\/dt><\/dl><dl class='gallery-item'>\n\t\t\t<dt class='gallery-icon landscape'>\n\t\t\t\t<a href=\"https:\/\/www.blogdomassinha.com.br\/v1\/wp-content\/uploads\/2026\/09\/98d76813-3c40-4f53-bacb-9d2c7e0be12f.jpeg\" class=\"gallery_colorbox\"><img width=\"150\" height=\"150\" src=\"https:\/\/www.blogdomassinha.com.br\/v1\/wp-content\/uploads\/2026\/09\/98d76813-3c40-4f53-bacb-9d2c7e0be12f-150x150.jpeg\"  class=\"attachment-thumbnail size-thumbnail\" alt=\"\" loading=\"lazy\" \/><\/a>\n\t\t\t<\/dt><\/dl><dl class='gallery-item'>\n\t\t\t<dt class='gallery-icon landscape'>\n\t\t\t\t<a href=\"https:\/\/www.blogdomassinha.com.br\/v1\/wp-content\/uploads\/2026\/09\/ea8faba6-82c6-44c1-8c76-ebcb59092f36.jpeg\" class=\"gallery_colorbox\"><img width=\"150\" height=\"150\" src=\"https:\/\/www.blogdomassinha.com.br\/v1\/wp-content\/uploads\/2026\/09\/ea8faba6-82c6-44c1-8c76-ebcb59092f36-150x150.jpeg\"  class=\"attachment-thumbnail size-thumbnail\" alt=\"\" loading=\"lazy\" \/><\/a>\n\t\t\t<\/dt><\/dl><br style=\"clear: both\" \/>\n\t\t<\/div>\n\n","protected":false},"excerpt":{"rendered":"<p>Esteve ontem na cidade de Planalto o advogado Wagner Alves, que \u00e9 candidato a deputado estadual por Vit\u00f3ria da Conquista e tamb\u00e9m representa a regi\u00e3o sudoeste, participando de uma importante reuni\u00e3o com moradores da vizinha cidade. As lideran\u00e7as que compareceram sa\u00edram satisfeitas com os compromissos assumidos pelo advogado, que disputa pela primeira vez uma cadeira [&hellip;]<\/p>\n","protected":false},"author":3,"featured_media":58931,"comment_status":"open","ping_status":"open","sticky":false,"template":"","format":"standard","meta":[],"categories":[7,1,2],"tags":[],"_links":{"self":[{"href":"https:\/\/www.blogdomassinha.com.br\/v1\/wp-json\/wp\/v2\/posts\/58928"}],"collection":[{"href":"https:\/\/www.blogdomassinha.com.br\/v1\/wp-json\/wp\/v2\/posts"}],"about":[{"href":"https:\/\/www.blogdomassinha.com.br\/v1\/wp-json\/wp\/v2\/types\/post"}],"author":[{"embeddable":true,"href":"https:\/\/www.blogdomassinha.com.br\/v1\/wp-json\/wp\/v2\/users\/3"}],"replies":[{"embeddable":true,"href":"https:\/\/www.blogdomassinha.com.br\/v1\/wp-json\/wp\/v2\/comments?post=58928"}],"version-history":[{"count":1,"href":"https:\/\/www.blogdomassinha.com.br\/v1\/wp-json\/wp\/v2\/posts\/58928\/revisions"}],"predecessor-version":[{"id":58932,"href":"https:\/\/www.blogdomassinha.com.br\/v1\/wp-json\/wp\/v2\/posts\/58928\/revisions\/58932"}],"wp:featuredmedia":[{"embeddable":true,"href":"https:\/\/www.blogdomassinha.com.br\/v1\/wp-json\/wp\/v2\/media\/58931"}],"wp:attachment":[{"href":"https:\/\/www.blogdomassinha.com.br\/v1\/wp-json\/wp\/v2\/media?parent=58928"}],"wp:term":[{"taxonomy":"category","embeddable":true,"href":"https:\/\/www.blogdomassinha.com.br\/v1\/wp-json\/wp\/v2\/categories?post=58928"},{"taxonomy":"post_tag","embeddable":true,"href":"https:\/\/www.blogdomassinha.com.br\/v1\/wp-json\/wp\/v2\/tags?post=58928"}],"curies":[{"name":"wp","href":"https:\/\/api.w.org\/{rel}","templated":true}]}}